{"id":239221,"date":"2021-07-15T09:00:24","date_gmt":"2021-07-15T06:00:24","guid":{"rendered":"http:\/\/107.6.182.27\/tr\/?p=239221"},"modified":"2021-07-16T07:48:12","modified_gmt":"2021-07-16T04:48:12","slug":"halep-kirsalinda-bir-motosiklet-patladi-birkac-sivil-yaralandi","status":"publish","type":"post","link":"https:\/\/archive.sana.sy\/tr\/?p=239221","title":{"rendered":"Halep k\u0131rsal\u0131nda Bir Motosiklet Patlad\u0131, Birka\u00e7 Sivil Yaraland\u0131"},"content":{"rendered":"<p>HALEP \u2013 Halep k\u0131rsal\u0131n\u0131n do\u011fusunda T\u00fcrk i\u015fgal g\u00fc\u00e7leri ve ter\u00f6r gruplar\u0131ndan kiral\u0131klar\u0131n\u0131n konu\u015fland\u0131\u011f\u0131 Cerablus kentinde, bir motosikletin patlamas\u0131 sonucunda birka\u00e7 sivil yaraland\u0131.<\/p>\n<p>Yerel kaynaklar SANA muhabirine, Halep k\u0131rsal\u0131n\u0131n do\u011fusunda yer alan Cerablus kentinde bir motosikletin patlamas\u0131 sonucunda aralar\u0131nda bir kad\u0131n\u0131n bulundu\u011fu birka\u00e7 sivilin yaraland\u0131\u011f\u0131n\u0131 belirtti.<\/p>\n","protected":false},"excerpt":{"rendered":"<p>HALEP \u2013 Halep k\u0131rsal\u0131n\u0131n do\u011fusunda T\u00fcrk i\u015fgal g\u00fc\u00e7leri ve ter\u00f6r gruplar\u0131ndan kiral\u0131klar\u0131n\u0131n konu\u015fland\u0131\u011f\u0131 Cerablus kentinde, bir motosikletin patlamas\u0131 sonucunda birka\u00e7 sivil yaraland\u0131. Yerel kaynaklar SANA muhabirine, Halep k\u0131rsal\u0131n\u0131n do\u011fusunda yer alan Cerablus kentinde bir motosikletin patlamas\u0131 sonucunda aralar\u0131nda bir kad\u0131n\u0131n bulundu\u011fu birka\u00e7 sivilin yaraland\u0131\u011f\u0131n\u0131 belirtti.<\/p>\n","protected":false},"author":36,"featured_media":239222,"comment_status":"closed","ping_status":"closed","sticky":false,"template":"","format":"standard","meta":{"footnotes":""},"categories":[479,575,17988,2554,2555,478],"tags":[],"class_list":["post-239221","post","type-post","status-publish","format-standard","has-post-thumbnail","","category-haberler-yerel","category-olaylar-ve-gercekler","category-son-haberler","category-suriye-ve-dunya","category-suriye-ve-turkiye","category-yerel"],"_links":{"self":[{"href":"https:\/\/archive.sana.sy\/tr\/index.php?rest_route=\/wp\/v2\/posts\/239221","targetHints":{"allow":["GET"]}}],"collection":[{"href":"https:\/\/archive.sana.sy\/tr\/index.php?rest_route=\/wp\/v2\/posts"}],"about":[{"href":"https:\/\/archive.sana.sy\/tr\/index.php?rest_route=\/wp\/v2\/types\/post"}],"author":[{"embeddable":true,"href":"https:\/\/archive.sana.sy\/tr\/index.php?rest_route=\/wp\/v2\/users\/36"}],"replies":[{"embeddable":true,"href":"https:\/\/archive.sana.sy\/tr\/index.php?rest_route=%2Fwp%2Fv2%2Fcomments&post=239221"}],"version-history":[{"count":0,"href":"https:\/\/archive.sana.sy\/tr\/index.php?rest_route=\/wp\/v2\/posts\/239221\/revisions"}],"wp:featuredmedia":[{"embeddable":true,"href":"https:\/\/archive.sana.sy\/tr\/index.php?rest_route=\/wp\/v2\/media\/239222"}],"wp:attachment":[{"href":"https:\/\/archive.sana.sy\/tr\/index.php?rest_route=%2Fwp%2Fv2%2Fmedia&parent=239221"}],"wp:term":[{"taxonomy":"category","embeddable":true,"href":"https:\/\/archive.sana.sy\/tr\/index.php?rest_route=%2Fwp%2Fv2%2Fcategories&post=239221"},{"taxonomy":"post_tag","embeddable":true,"href":"https:\/\/archive.sana.sy\/tr\/index.php?rest_route=%2Fwp%2Fv2%2Ftags&post=239221"}],"curies":[{"name":"wp","href":"https:\/\/api.w.org\/{rel}","templated":true}]}}