{"id":239227,"date":"2021-07-15T10:06:39","date_gmt":"2021-07-15T07:06:39","guid":{"rendered":"http:\/\/107.6.182.27\/tr\/?p=239227"},"modified":"2021-07-16T07:48:15","modified_gmt":"2021-07-16T04:48:15","slug":"dsg-milisleri-deyrezzor-kirsalindan-birkac-sivili-kacirdi-4","status":"publish","type":"post","link":"https:\/\/archive.sana.sy\/tr\/?p=239227","title":{"rendered":"DSG Milisleri, Deyrezzor K\u0131rsal\u0131ndan Birka\u00e7 Sivili Ka\u00e7\u0131rd\u0131"},"content":{"rendered":"<p>DEYREZZOR \u2013 Amerikan i\u015fgal g\u00fc\u00e7leri taraf\u0131ndan desteklenen \u201cDSG\u201d milisleri, Deyrezzor k\u0131rsal\u0131n\u0131n bat\u0131s\u0131nda yer alan El H\u0131s\u0131n ve El Cenine beldelerine bask\u0131n d\u00fczenleyip birka\u00e7 sivili ka\u00e7\u0131rd\u0131.<\/p>\n<p>Yerel kaynaklar SANA muhabirine, Amerikan i\u015fgal g\u00fc\u00e7leri taraf\u0131ndan desteklenen \u201cDSG\u201d milislerinin, Deyrezzor k\u0131rsal\u0131nda yer alan El H\u0131s\u0131n ve El Cenine beldelerindeki vatanda\u015flar\u0131n evlerine bsak\u0131n d\u00fczenleyip birka\u00e7 sivili ka\u00e7\u0131rd\u0131\u011f\u0131n\u0131 belirtti.<\/p>\n","protected":false},"excerpt":{"rendered":"<p>DEYREZZOR \u2013 Amerikan i\u015fgal g\u00fc\u00e7leri taraf\u0131ndan desteklenen \u201cDSG\u201d milisleri, Deyrezzor k\u0131rsal\u0131n\u0131n bat\u0131s\u0131nda yer alan El H\u0131s\u0131n ve El Cenine beldelerine bask\u0131n d\u00fczenleyip birka\u00e7 sivili ka\u00e7\u0131rd\u0131. Yerel kaynaklar SANA muhabirine, Amerikan i\u015fgal g\u00fc\u00e7leri taraf\u0131ndan desteklenen \u201cDSG\u201d milislerinin, Deyrezzor k\u0131rsal\u0131nda yer alan El H\u0131s\u0131n ve El Cenine beldelerindeki vatanda\u015flar\u0131n evlerine bsak\u0131n d\u00fczenleyip birka\u00e7 sivili ka\u00e7\u0131rd\u0131\u011f\u0131n\u0131 belirtti.<\/p>\n","protected":false},"author":36,"featured_media":239228,"comment_status":"closed","ping_status":"closed","sticky":false,"template":"","format":"standard","meta":{"footnotes":""},"categories":[479,575,17988,478],"tags":[],"class_list":["post-239227","post","type-post","status-publish","format-standard","has-post-thumbnail","","category-haberler-yerel","category-olaylar-ve-gercekler","category-son-haberler","category-yerel"],"_links":{"self":[{"href":"https:\/\/archive.sana.sy\/tr\/index.php?rest_route=\/wp\/v2\/posts\/239227","targetHints":{"allow":["GET"]}}],"collection":[{"href":"https:\/\/archive.sana.sy\/tr\/index.php?rest_route=\/wp\/v2\/posts"}],"about":[{"href":"https:\/\/archive.sana.sy\/tr\/index.php?rest_route=\/wp\/v2\/types\/post"}],"author":[{"embeddable":true,"href":"https:\/\/archive.sana.sy\/tr\/index.php?rest_route=\/wp\/v2\/users\/36"}],"replies":[{"embeddable":true,"href":"https:\/\/archive.sana.sy\/tr\/index.php?rest_route=%2Fwp%2Fv2%2Fcomments&post=239227"}],"version-history":[{"count":0,"href":"https:\/\/archive.sana.sy\/tr\/index.php?rest_route=\/wp\/v2\/posts\/239227\/revisions"}],"wp:featuredmedia":[{"embeddable":true,"href":"https:\/\/archive.sana.sy\/tr\/index.php?rest_route=\/wp\/v2\/media\/239228"}],"wp:attachment":[{"href":"https:\/\/archive.sana.sy\/tr\/index.php?rest_route=%2Fwp%2Fv2%2Fmedia&parent=239227"}],"wp:term":[{"taxonomy":"category","embeddable":true,"href":"https:\/\/archive.sana.sy\/tr\/index.php?rest_route=%2Fwp%2Fv2%2Fcategories&post=239227"},{"taxonomy":"post_tag","embeddable":true,"href":"https:\/\/archive.sana.sy\/tr\/index.php?rest_route=%2Fwp%2Fv2%2Ftags&post=239227"}],"curies":[{"name":"wp","href":"https:\/\/api.w.org\/{rel}","templated":true}]}}