{"id":239230,"date":"2021-07-15T11:14:30","date_gmt":"2021-07-15T08:14:30","guid":{"rendered":"http:\/\/107.6.182.27\/tr\/?p=239230"},"modified":"2021-07-16T07:48:21","modified_gmt":"2021-07-16T04:48:21","slug":"urdunun-kuveysme-stadyumu-dunya-kupasi-elemelerinin-belirleyici-turunda-milli-takimimizin-varsayilan-sahasi-olacak","status":"publish","type":"post","link":"https:\/\/archive.sana.sy\/tr\/?p=239230","title":{"rendered":"\u00dcrd\u00fcn&#8217;\u00fcn Kuveysme Stadyumu, D\u00fcnya Kupas\u0131 Elemelerinin Belirleyici Turunda Milli Tak\u0131m\u0131m\u0131z\u0131n Varsay\u0131lan Sahas\u0131 Olacak"},"content":{"rendered":"<p>\u015eAM &#8211; Futbol Federasyonu, \u00dcrd\u00fcn&#8217;deki Al Kuveysme Stadyumu&#8217;nun, A Milli Futbol tak\u0131m\u0131m\u0131z\u0131n Katar&#8217;da d\u00fczenlenecek olan 2022 D\u00fcnya Kupas\u0131 belirleyici tur elemelerinde oynayaca\u011f\u0131 sanal zemin olaca\u011f\u0131n\u0131 ilan etti.<\/p>\n<p>Federasyondan yap\u0131lan ve SANA&#8217;n\u0131n bir kopyas\u0131n\u0131 ald\u0131\u011f\u0131 a\u00e7\u0131klamada, milli tak\u0131m teknik direkt\u00f6r\u00fc Nizar Mahrus&#8217;un iste\u011fi ve Suriye Federasyonu&#8217;nun \u00dcrd\u00fcnl\u00fc mevkida\u015f\u0131yla olan g\u00fc\u00e7l\u00fc ili\u015fkisine dayanarak, \u00dcrd\u00fcn&#8217;deki Kuveysme Stadyumu\u2019nun, D\u00fcnya Kupas\u0131 elemelerinin belirleyici turu s\u0131ras\u0131nda tak\u0131m\u0131m\u0131za ev sahipli\u011fi yapaca\u011f\u0131n\u0131 s\u00f6yledi.<\/p>\n<p>Buna kar\u015f\u0131l\u0131k \u00dcrd\u00fcn Futbol Federasyonu, tak\u0131m\u0131m\u0131z\u0131n belirleyici tur ma\u00e7lar\u0131na ev sahipli\u011fi yapmas\u0131na s\u0131cak bakt\u0131\u011f\u0131n\u0131 belrterek, ikinci grupta yer alan tak\u0131m\u0131n ma\u00e7lar\u0131n\u0131n ideal bir \u015fekilde ger\u00e7ekle\u015fmesi i\u00e7in gerekli t\u00fcm olanaklar\u0131 sa\u011flamaya haz\u0131r oldu\u011funu vurgulad\u0131.<\/p>\n<p>Elemelerdeki ikinci grupta tak\u0131m\u0131m\u0131z\u0131n yan\u0131 sra \u0130ran, G\u00fcney Kore, BAE, Irak ve L\u00fcbnan&#8217;\u0131 i\u00e7eriyor.<\/p>\n","protected":false},"excerpt":{"rendered":"<p>\u015eAM &#8211; Futbol Federasyonu, \u00dcrd\u00fcn&#8217;deki Al Kuveysme Stadyumu&#8217;nun, A Milli Futbol tak\u0131m\u0131m\u0131z\u0131n Katar&#8217;da d\u00fczenlenecek olan 2022 D\u00fcnya Kupas\u0131 belirleyici tur elemelerinde oynayaca\u011f\u0131 sanal zemin olaca\u011f\u0131n\u0131 ilan etti. Federasyondan yap\u0131lan ve SANA&#8217;n\u0131n bir kopyas\u0131n\u0131 ald\u0131\u011f\u0131 a\u00e7\u0131klamada, milli tak\u0131m teknik direkt\u00f6r\u00fc Nizar Mahrus&#8217;un iste\u011fi ve Suriye Federasyonu&#8217;nun \u00dcrd\u00fcnl\u00fc mevkida\u015f\u0131yla olan g\u00fc\u00e7l\u00fc ili\u015fkisine dayanarak, \u00dcrd\u00fcn&#8217;deki Kuveysme Stadyumu\u2019nun, D\u00fcnya &hellip;<\/p>\n","protected":false},"author":1,"featured_media":239231,"comment_status":"closed","ping_status":"closed","sticky":false,"template":"","format":"standard","meta":{"footnotes":""},"categories":[479,17988,496,478,497],"tags":[],"class_list":["post-239230","post","type-post","status-publish","format-standard","has-post-thumbnail","","category-haberler-yerel","category-son-haberler","category-spor","category-yerel","category-yerel-turnuvalar"],"_links":{"self":[{"href":"https:\/\/archive.sana.sy\/tr\/index.php?rest_route=\/wp\/v2\/posts\/239230","targetHints":{"allow":["GET"]}}],"collection":[{"href":"https:\/\/archive.sana.sy\/tr\/index.php?rest_route=\/wp\/v2\/posts"}],"about":[{"href":"https:\/\/archive.sana.sy\/tr\/index.php?rest_route=\/wp\/v2\/types\/post"}],"author":[{"embeddable":true,"href":"https:\/\/archive.sana.sy\/tr\/index.php?rest_route=\/wp\/v2\/users\/1"}],"replies":[{"embeddable":true,"href":"https:\/\/archive.sana.sy\/tr\/index.php?rest_route=%2Fwp%2Fv2%2Fcomments&post=239230"}],"version-history":[{"count":0,"href":"https:\/\/archive.sana.sy\/tr\/index.php?rest_route=\/wp\/v2\/posts\/239230\/revisions"}],"wp:featuredmedia":[{"embeddable":true,"href":"https:\/\/archive.sana.sy\/tr\/index.php?rest_route=\/wp\/v2\/media\/239231"}],"wp:attachment":[{"href":"https:\/\/archive.sana.sy\/tr\/index.php?rest_route=%2Fwp%2Fv2%2Fmedia&parent=239230"}],"wp:term":[{"taxonomy":"category","embeddable":true,"href":"https:\/\/archive.sana.sy\/tr\/index.php?rest_route=%2Fwp%2Fv2%2Fcategories&post=239230"},{"taxonomy":"post_tag","embeddable":true,"href":"https:\/\/archive.sana.sy\/tr\/index.php?rest_route=%2Fwp%2Fv2%2Ftags&post=239230"}],"curies":[{"name":"wp","href":"https:\/\/api.w.org\/{rel}","templated":true}]}}