{"id":239297,"date":"2021-07-17T08:42:34","date_gmt":"2021-07-17T05:42:34","guid":{"rendered":"http:\/\/107.6.182.27\/tr\/?p=239297"},"modified":"2021-07-18T08:14:07","modified_gmt":"2021-07-18T05:14:07","slug":"hama-kirsalinda-bir-mayin-patladi-1-vatandas-sehit-dustu-2","status":"publish","type":"post","link":"https:\/\/archive.sana.sy\/tr\/?p=239297","title":{"rendered":"Hama K\u0131rsal\u0131nda Bir May\u0131n Patlad\u0131, 1 Vatanda\u015f \u015eehit D\u00fc\u015ft\u00fc"},"content":{"rendered":"<p>HAMA \u2013 Hama k\u0131rsal\u0131n\u0131n kuzeyinde yer alan Mharde b\u00f6lgesindeki Tel Mih beldesinde, \u201cNusra Cephesi\u201d ter\u00f6r \u00f6rg\u00fct\u00fcnden kalan bir may\u0131n\u0131n patlams\u0131 sonucunda 1 vatanda\u015f \u015fehit d\u00fc\u015f\u00fct.<\/p>\n<p>Hama \u0130l Emniyet M\u00fcd\u00fcrl\u00fc\u011f\u00fcnden bir kaynak SANA muhabirine, Mharde k\u0131rsal\u0131nda yer alan Tel Mih beldesinde, \u201cNusra Cephesi\u201d ter\u00f6ristlerinden kalan bir may\u0131n\u0131n patlamas\u0131 sonucunda bir vatanda\u015f\u0131n \u015fehit d\u00fc\u015ft\u00fc\u011f\u00fcn\u00fc belirtti.<\/p>\n","protected":false},"excerpt":{"rendered":"<p>HAMA \u2013 Hama k\u0131rsal\u0131n\u0131n kuzeyinde yer alan Mharde b\u00f6lgesindeki Tel Mih beldesinde, \u201cNusra Cephesi\u201d ter\u00f6r \u00f6rg\u00fct\u00fcnden kalan bir may\u0131n\u0131n patlams\u0131 sonucunda 1 vatanda\u015f \u015fehit d\u00fc\u015f\u00fct. Hama \u0130l Emniyet M\u00fcd\u00fcrl\u00fc\u011f\u00fcnden bir kaynak SANA muhabirine, Mharde k\u0131rsal\u0131nda yer alan Tel Mih beldesinde, \u201cNusra Cephesi\u201d ter\u00f6ristlerinden kalan bir may\u0131n\u0131n patlamas\u0131 sonucunda bir vatanda\u015f\u0131n \u015fehit d\u00fc\u015ft\u00fc\u011f\u00fcn\u00fc belirtti.<\/p>\n","protected":false},"author":36,"featured_media":239298,"comment_status":"closed","ping_status":"closed","sticky":false,"template":"","format":"standard","meta":{"footnotes":""},"categories":[479,575,17988,478],"tags":[],"class_list":["post-239297","post","type-post","status-publish","format-standard","has-post-thumbnail","","category-haberler-yerel","category-olaylar-ve-gercekler","category-son-haberler","category-yerel"],"_links":{"self":[{"href":"https:\/\/archive.sana.sy\/tr\/index.php?rest_route=\/wp\/v2\/posts\/239297","targetHints":{"allow":["GET"]}}],"collection":[{"href":"https:\/\/archive.sana.sy\/tr\/index.php?rest_route=\/wp\/v2\/posts"}],"about":[{"href":"https:\/\/archive.sana.sy\/tr\/index.php?rest_route=\/wp\/v2\/types\/post"}],"author":[{"embeddable":true,"href":"https:\/\/archive.sana.sy\/tr\/index.php?rest_route=\/wp\/v2\/users\/36"}],"replies":[{"embeddable":true,"href":"https:\/\/archive.sana.sy\/tr\/index.php?rest_route=%2Fwp%2Fv2%2Fcomments&post=239297"}],"version-history":[{"count":0,"href":"https:\/\/archive.sana.sy\/tr\/index.php?rest_route=\/wp\/v2\/posts\/239297\/revisions"}],"wp:featuredmedia":[{"embeddable":true,"href":"https:\/\/archive.sana.sy\/tr\/index.php?rest_route=\/wp\/v2\/media\/239298"}],"wp:attachment":[{"href":"https:\/\/archive.sana.sy\/tr\/index.php?rest_route=%2Fwp%2Fv2%2Fmedia&parent=239297"}],"wp:term":[{"taxonomy":"category","embeddable":true,"href":"https:\/\/archive.sana.sy\/tr\/index.php?rest_route=%2Fwp%2Fv2%2Fcategories&post=239297"},{"taxonomy":"post_tag","embeddable":true,"href":"https:\/\/archive.sana.sy\/tr\/index.php?rest_route=%2Fwp%2Fv2%2Ftags&post=239297"}],"curies":[{"name":"wp","href":"https:\/\/api.w.org\/{rel}","templated":true}]}}