{"id":239369,"date":"2021-07-17T12:18:34","date_gmt":"2021-07-17T09:18:34","guid":{"rendered":"http:\/\/107.6.182.27\/tr\/?p=239369"},"modified":"2021-07-17T12:22:57","modified_gmt":"2021-07-17T09:22:57","slug":"cumhurbaskani-esad-anayasal-yemini-ettikten-sonraki-konusmasindan-sebat-zamaninda-saglam-milletin-selamiyla-sizleri-selamliyorum-saldiri-zamaninda-dimdik-ayakta-duran-vatanini-kaniyla-koruyan-k","status":"publish","type":"post","link":"https:\/\/archive.sana.sy\/tr\/?p=239369","title":{"rendered":"Cumhurba\u015fkan\u0131 Esad, anayasal yemini ettikten sonraki konu\u015fmas\u0131ndan.. Sebat zaman\u0131nda sa\u011flam milletin selam\u0131yla sizleri selaml\u0131yorum.. Sald\u0131r\u0131 zaman\u0131nda dimdik ayakta duran.. Vatan\u0131n\u0131 kan\u0131yla koruyan kap ve ruhta ta\u015f\u0131yan halk\u0131n say\u0131g\u0131s\u0131yla sizleri selaml\u0131yorum.."},"content":{"rendered":"<p>Cumhurba\u015fkan\u0131 Esad, anayasal yemini ettikten sonraki konu\u015fmas\u0131ndan.. Sebat zaman\u0131nda sa\u011flam milletin selam\u0131yla sizleri selaml\u0131yorum.. Sald\u0131r\u0131 zaman\u0131nda dimdik ayakta duran.. Vatan\u0131n\u0131 kan\u0131yla koruyan kap ve ruhta ta\u015f\u0131yan halk\u0131n say\u0131g\u0131s\u0131yla sizleri selaml\u0131yorum..<\/p>\n","protected":false},"excerpt":{"rendered":"<p>Cumhurba\u015fkan\u0131 Esad, anayasal yemini ettikten sonraki konu\u015fmas\u0131ndan.. Sebat zaman\u0131nda sa\u011flam milletin selam\u0131yla sizleri selaml\u0131yorum.. Sald\u0131r\u0131 zaman\u0131nda dimdik ayakta duran.. Vatan\u0131n\u0131 kan\u0131yla koruyan kap ve ruhta ta\u015f\u0131yan halk\u0131n say\u0131g\u0131s\u0131yla sizleri selaml\u0131yorum..<\/p>\n","protected":false},"author":36,"featured_media":0,"comment_status":"closed","ping_status":"closed","sticky":false,"template":"","format":"standard","meta":{"footnotes":""},"categories":[1],"tags":[],"class_list":["post-239369","post","type-post","status-publish","format-standard","","category-news-not-sorted"],"_links":{"self":[{"href":"https:\/\/archive.sana.sy\/tr\/index.php?rest_route=\/wp\/v2\/posts\/239369","targetHints":{"allow":["GET"]}}],"collection":[{"href":"https:\/\/archive.sana.sy\/tr\/index.php?rest_route=\/wp\/v2\/posts"}],"about":[{"href":"https:\/\/archive.sana.sy\/tr\/index.php?rest_route=\/wp\/v2\/types\/post"}],"author":[{"embeddable":true,"href":"https:\/\/archive.sana.sy\/tr\/index.php?rest_route=\/wp\/v2\/users\/36"}],"replies":[{"embeddable":true,"href":"https:\/\/archive.sana.sy\/tr\/index.php?rest_route=%2Fwp%2Fv2%2Fcomments&post=239369"}],"version-history":[{"count":0,"href":"https:\/\/archive.sana.sy\/tr\/index.php?rest_route=\/wp\/v2\/posts\/239369\/revisions"}],"wp:attachment":[{"href":"https:\/\/archive.sana.sy\/tr\/index.php?rest_route=%2Fwp%2Fv2%2Fmedia&parent=239369"}],"wp:term":[{"taxonomy":"category","embeddable":true,"href":"https:\/\/archive.sana.sy\/tr\/index.php?rest_route=%2Fwp%2Fv2%2Fcategories&post=239369"},{"taxonomy":"post_tag","embeddable":true,"href":"https:\/\/archive.sana.sy\/tr\/index.php?rest_route=%2Fwp%2Fv2%2Ftags&post=239369"}],"curies":[{"name":"wp","href":"https:\/\/api.w.org\/{rel}","templated":true}]}}