{"id":239372,"date":"2021-07-17T12:23:05","date_gmt":"2021-07-17T09:23:05","guid":{"rendered":"http:\/\/107.6.182.27\/tr\/?p=239372"},"modified":"2021-07-17T12:24:38","modified_gmt":"2021-07-17T09:24:38","slug":"cumhurbaskan-esad-idrakiniz-ve-ulusal-bagliliginizla-somurgeciler-ne-kadar-hazirlanirsa-hazirlansin-vatanimizi-yakacak-kaos-olarak-istediler-sizler-de-ulusal-birliginizle-vatani-hedef-alan-projeler","status":"publish","type":"post","link":"https:\/\/archive.sana.sy\/tr\/?p=239372","title":{"rendered":"Cumhurba\u015fkan Esad.. \u0130drakiniz ve ulusal ba\u011fl\u0131l\u0131\u011f\u0131n\u0131zla s\u00f6m\u00fcrgeciler ne kadar haz\u0131rlan\u0131rsa haz\u0131rlans\u0131n, vatan\u0131m\u0131z\u0131 yakacak kaos olarak istediler sizler de ulusal birli\u011finizle vatan\u0131 hedef alan projeleri \u00f6ld\u00fcrd\u00fcn\u00fcz, halklar\u0131n haklar\u0131n\u0131 savunma kararl\u0131l\u0131klar\u0131n\u0131 kaybetmeyece\u011fine dair fark\u0131ndal\u0131\u011f\u0131n\u0131z\u0131 ve ulusal ba\u011fl\u0131l\u0131\u011f\u0131n\u0131z\u0131 g\u00f6sterdiniz."},"content":{"rendered":"<p>Cumhurba\u015fkan Esad.. \u0130drakiniz ve ulusal ba\u011fl\u0131l\u0131\u011f\u0131n\u0131zla s\u00f6m\u00fcrgeciler ne kadar haz\u0131rlan\u0131rsa haz\u0131rlans\u0131n, vatan\u0131m\u0131z\u0131 yakacak kaos olarak istediler sizler de ulusal birli\u011finizle vatan\u0131 hedef alan projeleri \u00f6ld\u00fcrd\u00fcn\u00fcz, halklar\u0131n haklar\u0131n\u0131 savunma kararl\u0131l\u0131klar\u0131n\u0131 kaybetmeyece\u011fine dair fark\u0131ndal\u0131\u011f\u0131n\u0131z\u0131 ve ulusal ba\u011fl\u0131l\u0131\u011f\u0131n\u0131z\u0131 g\u00f6sterdiniz.<\/p>\n","protected":false},"excerpt":{"rendered":"<p>Cumhurba\u015fkan Esad.. \u0130drakiniz ve ulusal ba\u011fl\u0131l\u0131\u011f\u0131n\u0131zla s\u00f6m\u00fcrgeciler ne kadar haz\u0131rlan\u0131rsa haz\u0131rlans\u0131n, vatan\u0131m\u0131z\u0131 yakacak kaos olarak istediler sizler de ulusal birli\u011finizle vatan\u0131 hedef alan projeleri \u00f6ld\u00fcrd\u00fcn\u00fcz, halklar\u0131n haklar\u0131n\u0131 savunma kararl\u0131l\u0131klar\u0131n\u0131 kaybetmeyece\u011fine dair fark\u0131ndal\u0131\u011f\u0131n\u0131z\u0131 ve ulusal ba\u011fl\u0131l\u0131\u011f\u0131n\u0131z\u0131 g\u00f6sterdiniz.<\/p>\n","protected":false},"author":36,"featured_media":0,"comment_status":"closed","ping_status":"closed","sticky":false,"template":"","format":"standard","meta":{"footnotes":""},"categories":[1],"tags":[],"class_list":["post-239372","post","type-post","status-publish","format-standard","","category-news-not-sorted"],"_links":{"self":[{"href":"https:\/\/archive.sana.sy\/tr\/index.php?rest_route=\/wp\/v2\/posts\/239372","targetHints":{"allow":["GET"]}}],"collection":[{"href":"https:\/\/archive.sana.sy\/tr\/index.php?rest_route=\/wp\/v2\/posts"}],"about":[{"href":"https:\/\/archive.sana.sy\/tr\/index.php?rest_route=\/wp\/v2\/types\/post"}],"author":[{"embeddable":true,"href":"https:\/\/archive.sana.sy\/tr\/index.php?rest_route=\/wp\/v2\/users\/36"}],"replies":[{"embeddable":true,"href":"https:\/\/archive.sana.sy\/tr\/index.php?rest_route=%2Fwp%2Fv2%2Fcomments&post=239372"}],"version-history":[{"count":0,"href":"https:\/\/archive.sana.sy\/tr\/index.php?rest_route=\/wp\/v2\/posts\/239372\/revisions"}],"wp:attachment":[{"href":"https:\/\/archive.sana.sy\/tr\/index.php?rest_route=%2Fwp%2Fv2%2Fmedia&parent=239372"}],"wp:term":[{"taxonomy":"category","embeddable":true,"href":"https:\/\/archive.sana.sy\/tr\/index.php?rest_route=%2Fwp%2Fv2%2Fcategories&post=239372"},{"taxonomy":"post_tag","embeddable":true,"href":"https:\/\/archive.sana.sy\/tr\/index.php?rest_route=%2Fwp%2Fv2%2Ftags&post=239372"}],"curies":[{"name":"wp","href":"https:\/\/api.w.org\/{rel}","templated":true}]}}