{"id":239424,"date":"2021-07-17T12:55:07","date_gmt":"2021-07-17T09:55:07","guid":{"rendered":"http:\/\/107.6.182.27\/tr\/?p=239424"},"modified":"2021-07-17T13:00:23","modified_gmt":"2021-07-17T10:00:23","slug":"cumhurbaskani-esad-yatirimlar-cercevesinde-bundan-sonraki-asama-alternatif-enerji-yatirimlarina-agirlik-verilmesi-dolayisiyla-elektrik-sorununun-cozulmesi-hepimizin-onceligidir","status":"publish","type":"post","link":"https:\/\/archive.sana.sy\/tr\/?p=239424","title":{"rendered":"Cumhurba\u015fkan\u0131 Esad&#8230; Yat\u0131r\u0131mlar \u00e7er\u00e7evesinde bundan sonraki a\u015fama alternatif enerji yat\u0131r\u0131mlar\u0131na a\u011f\u0131rl\u0131k verilmesi, dolay\u0131s\u0131yla elektrik sorununun \u00e7\u00f6z\u00fclmesi hepimizin \u00f6nceli\u011fidir."},"content":{"rendered":"<p>Cumhurba\u015fkan\u0131 Esad&#8230; Yat\u0131r\u0131mlar \u00e7er\u00e7evesinde bundan sonraki a\u015fama alternatif enerji yat\u0131r\u0131mlar\u0131na a\u011f\u0131rl\u0131k verilmesi, dolay\u0131s\u0131yla elektrik sorununun \u00e7\u00f6z\u00fclmesi hepimizin \u00f6nceli\u011fidir.<\/p>\n","protected":false},"excerpt":{"rendered":"<p>Cumhurba\u015fkan\u0131 Esad&#8230; Yat\u0131r\u0131mlar \u00e7er\u00e7evesinde bundan sonraki a\u015fama alternatif enerji yat\u0131r\u0131mlar\u0131na a\u011f\u0131rl\u0131k verilmesi, dolay\u0131s\u0131yla elektrik sorununun \u00e7\u00f6z\u00fclmesi hepimizin \u00f6nceli\u011fidir.<\/p>\n","protected":false},"author":36,"featured_media":0,"comment_status":"closed","ping_status":"closed","sticky":false,"template":"","format":"standard","meta":{"footnotes":""},"categories":[1],"tags":[],"class_list":["post-239424","post","type-post","status-publish","format-standard","","category-news-not-sorted"],"_links":{"self":[{"href":"https:\/\/archive.sana.sy\/tr\/index.php?rest_route=\/wp\/v2\/posts\/239424","targetHints":{"allow":["GET"]}}],"collection":[{"href":"https:\/\/archive.sana.sy\/tr\/index.php?rest_route=\/wp\/v2\/posts"}],"about":[{"href":"https:\/\/archive.sana.sy\/tr\/index.php?rest_route=\/wp\/v2\/types\/post"}],"author":[{"embeddable":true,"href":"https:\/\/archive.sana.sy\/tr\/index.php?rest_route=\/wp\/v2\/users\/36"}],"replies":[{"embeddable":true,"href":"https:\/\/archive.sana.sy\/tr\/index.php?rest_route=%2Fwp%2Fv2%2Fcomments&post=239424"}],"version-history":[{"count":0,"href":"https:\/\/archive.sana.sy\/tr\/index.php?rest_route=\/wp\/v2\/posts\/239424\/revisions"}],"wp:attachment":[{"href":"https:\/\/archive.sana.sy\/tr\/index.php?rest_route=%2Fwp%2Fv2%2Fmedia&parent=239424"}],"wp:term":[{"taxonomy":"category","embeddable":true,"href":"https:\/\/archive.sana.sy\/tr\/index.php?rest_route=%2Fwp%2Fv2%2Fcategories&post=239424"},{"taxonomy":"post_tag","embeddable":true,"href":"https:\/\/archive.sana.sy\/tr\/index.php?rest_route=%2Fwp%2Fv2%2Ftags&post=239424"}],"curies":[{"name":"wp","href":"https:\/\/api.w.org\/{rel}","templated":true}]}}