{"id":239429,"date":"2021-07-17T13:00:25","date_gmt":"2021-07-17T10:00:25","guid":{"rendered":"http:\/\/107.6.182.27\/tr\/?p=239429"},"modified":"2021-07-17T13:09:36","modified_gmt":"2021-07-17T10:09:36","slug":"cumhurbaskani-esad-siddetli-bir-savasa-giren-ve-topraklarinin-cogunu-geri-alan-halk-kuskusuz-en-zor-kosullarda-ayni-irade-ve-kararlilikla-ekonomisini-de-insa-etmeyi-basarmaya-da-kadirdir","status":"publish","type":"post","link":"https:\/\/archive.sana.sy\/tr\/?p=239429","title":{"rendered":"Cumhurba\u015fkan\u0131 Esad.. \u015eiddetli bir sava\u015fa giren ve topraklar\u0131n\u0131n \u00e7o\u011funu geri alan halk, ku\u015fkusuz en zor ko\u015fullarda, ayn\u0131 irade ve kararl\u0131l\u0131kla ekonomisini de in\u015fa etmeyi ba\u015farmaya da kadirdir."},"content":{"rendered":"<p>Cumhurba\u015fkan\u0131 Esad.. \u015eiddetli bir sava\u015fa giren ve topraklar\u0131n\u0131n \u00e7o\u011funu geri alan halk, ku\u015fkusuz en zor ko\u015fullarda, ayn\u0131 irade ve kararl\u0131l\u0131kla ekonomisini de in\u015fa etmeyi ba\u015farmaya da kadirdir.<\/p>\n","protected":false},"excerpt":{"rendered":"<p>Cumhurba\u015fkan\u0131 Esad.. \u015eiddetli bir sava\u015fa giren ve topraklar\u0131n\u0131n \u00e7o\u011funu geri alan halk, ku\u015fkusuz en zor ko\u015fullarda, ayn\u0131 irade ve kararl\u0131l\u0131kla ekonomisini de in\u015fa etmeyi ba\u015farmaya da kadirdir.<\/p>\n","protected":false},"author":36,"featured_media":0,"comment_status":"closed","ping_status":"closed","sticky":false,"template":"","format":"standard","meta":{"footnotes":""},"categories":[1],"tags":[],"class_list":["post-239429","post","type-post","status-publish","format-standard","","category-news-not-sorted"],"_links":{"self":[{"href":"https:\/\/archive.sana.sy\/tr\/index.php?rest_route=\/wp\/v2\/posts\/239429","targetHints":{"allow":["GET"]}}],"collection":[{"href":"https:\/\/archive.sana.sy\/tr\/index.php?rest_route=\/wp\/v2\/posts"}],"about":[{"href":"https:\/\/archive.sana.sy\/tr\/index.php?rest_route=\/wp\/v2\/types\/post"}],"author":[{"embeddable":true,"href":"https:\/\/archive.sana.sy\/tr\/index.php?rest_route=\/wp\/v2\/users\/36"}],"replies":[{"embeddable":true,"href":"https:\/\/archive.sana.sy\/tr\/index.php?rest_route=%2Fwp%2Fv2%2Fcomments&post=239429"}],"version-history":[{"count":0,"href":"https:\/\/archive.sana.sy\/tr\/index.php?rest_route=\/wp\/v2\/posts\/239429\/revisions"}],"wp:attachment":[{"href":"https:\/\/archive.sana.sy\/tr\/index.php?rest_route=%2Fwp%2Fv2%2Fmedia&parent=239429"}],"wp:term":[{"taxonomy":"category","embeddable":true,"href":"https:\/\/archive.sana.sy\/tr\/index.php?rest_route=%2Fwp%2Fv2%2Fcategories&post=239429"},{"taxonomy":"post_tag","embeddable":true,"href":"https:\/\/archive.sana.sy\/tr\/index.php?rest_route=%2Fwp%2Fv2%2Ftags&post=239429"}],"curies":[{"name":"wp","href":"https:\/\/api.w.org\/{rel}","templated":true}]}}