{"id":239444,"date":"2021-07-17T13:22:22","date_gmt":"2021-07-17T10:22:22","guid":{"rendered":"http:\/\/107.6.182.27\/tr\/?p=239444"},"modified":"2021-07-17T13:37:32","modified_gmt":"2021-07-17T10:37:32","slug":"cumhurbaskani-esad-amerikan-isgalcisinin-karsisinda-silahsiz-bir-sekilde-dimdik-savunmasiz-bir-sekilde-ayakta-durup-onu-kovmaya-calisan-kiraliklardan-isbirlikcileriyle-karsi-karsiya-gelen-ve-sehitl","status":"publish","type":"post","link":"https:\/\/archive.sana.sy\/tr\/?p=239444","title":{"rendered":"Cumhurba\u015fkan\u0131 Esad.. Amerikan i\u015fgalcisinin kar\u015f\u0131s\u0131nda silahs\u0131z bir \u015fekilde dimdik savunmas\u0131z bir \u015fekilde ayakta durup onu kovmaya \u00e7al\u0131\u015fan, kiral\u0131klardan i\u015fbirlik\u00e7ileriyle kar\u015f\u0131 kar\u015f\u0131ya gelen ve \u015fehitler sunan kuzeydo\u011fu b\u00f6lgelerindeki her vatansever Suriyeliye selamlar\u0131m\u0131z\u0131 ve takdirlerimizi g\u00f6nderiyoruz."},"content":{"rendered":"<p>Cumhurba\u015fkan\u0131 Esad.. Amerikan i\u015fgalcisinin kar\u015f\u0131s\u0131nda silahs\u0131z bir \u015fekilde dimdik savunmas\u0131z bir \u015fekilde ayakta durup onu kovmaya \u00e7al\u0131\u015fan, kiral\u0131klardan i\u015fbirlik\u00e7ileriyle kar\u015f\u0131 kar\u015f\u0131ya gelen ve \u015fehitler sunan kuzeydo\u011fu b\u00f6lgelerindeki her vatansever Suriyeliye selamlar\u0131m\u0131z\u0131 ve takdirlerimizi g\u00f6nderiyoruz.<\/p>\n","protected":false},"excerpt":{"rendered":"<p>Cumhurba\u015fkan\u0131 Esad.. Amerikan i\u015fgalcisinin kar\u015f\u0131s\u0131nda silahs\u0131z bir \u015fekilde dimdik savunmas\u0131z bir \u015fekilde ayakta durup onu kovmaya \u00e7al\u0131\u015fan, kiral\u0131klardan i\u015fbirlik\u00e7ileriyle kar\u015f\u0131 kar\u015f\u0131ya gelen ve \u015fehitler sunan kuzeydo\u011fu b\u00f6lgelerindeki her vatansever Suriyeliye selamlar\u0131m\u0131z\u0131 ve takdirlerimizi g\u00f6nderiyoruz.<\/p>\n","protected":false},"author":36,"featured_media":0,"comment_status":"closed","ping_status":"closed","sticky":false,"template":"","format":"standard","meta":{"footnotes":""},"categories":[1],"tags":[],"class_list":["post-239444","post","type-post","status-publish","format-standard","","category-news-not-sorted"],"_links":{"self":[{"href":"https:\/\/archive.sana.sy\/tr\/index.php?rest_route=\/wp\/v2\/posts\/239444","targetHints":{"allow":["GET"]}}],"collection":[{"href":"https:\/\/archive.sana.sy\/tr\/index.php?rest_route=\/wp\/v2\/posts"}],"about":[{"href":"https:\/\/archive.sana.sy\/tr\/index.php?rest_route=\/wp\/v2\/types\/post"}],"author":[{"embeddable":true,"href":"https:\/\/archive.sana.sy\/tr\/index.php?rest_route=\/wp\/v2\/users\/36"}],"replies":[{"embeddable":true,"href":"https:\/\/archive.sana.sy\/tr\/index.php?rest_route=%2Fwp%2Fv2%2Fcomments&post=239444"}],"version-history":[{"count":0,"href":"https:\/\/archive.sana.sy\/tr\/index.php?rest_route=\/wp\/v2\/posts\/239444\/revisions"}],"wp:attachment":[{"href":"https:\/\/archive.sana.sy\/tr\/index.php?rest_route=%2Fwp%2Fv2%2Fmedia&parent=239444"}],"wp:term":[{"taxonomy":"category","embeddable":true,"href":"https:\/\/archive.sana.sy\/tr\/index.php?rest_route=%2Fwp%2Fv2%2Fcategories&post=239444"},{"taxonomy":"post_tag","embeddable":true,"href":"https:\/\/archive.sana.sy\/tr\/index.php?rest_route=%2Fwp%2Fv2%2Ftags&post=239444"}],"curies":[{"name":"wp","href":"https:\/\/api.w.org\/{rel}","templated":true}]}}