{"id":239604,"date":"2021-07-19T13:10:21","date_gmt":"2021-07-19T10:10:21","guid":{"rendered":"http:\/\/107.6.182.27\/tr\/?p=239604"},"modified":"2021-07-20T17:52:11","modified_gmt":"2021-07-20T14:52:11","slug":"amerikan-isgal-gucleri-calinti-suriye-bugdayi-ve-petrolu-tasiyan-yeni-bir-konvoy-iraka-cikardi","status":"publish","type":"post","link":"https:\/\/archive.sana.sy\/tr\/?p=239604","title":{"rendered":"Amerikan \u0130\u015fgal G\u00fc\u00e7leri \u00c7al\u0131nt\u0131 Suriye Bu\u011fday\u0131 ve Petrol\u00fc Ta\u015f\u0131yan Yeni Bir Konvoy Irak&#8217;a Ka\u00e7ak\u00e7\u0131l\u0131\u011f\u0131 Ya\u011ft\u0131"},"content":{"rendered":"<p>HASEKE \u2013 Amerikan i\u015fgal g\u00fc\u00e7leri el Cezire b\u00f6lgesinde i\u015fgal ettikleri alanlardaki zenginlikleri ya\u011fmalamaya devam ederek 40 kamyondan olu\u015fan ve \u00e7al\u0131nt\u0131 Suriye bu\u011fday\u0131 ve petrol\u00fc ta\u015f\u0131yan bir konvoyu Haseke\u2019deki gayri me\u015fru el Velid s\u0131n\u0131r ge\u00e7i\u015finden Irak\u2019a do\u011fru \u00e7\u0131kard\u0131.<\/p>\n<p>Haseke k\u0131rsal\u0131ndaki Yarubiye b\u00f6lgesine tabi el Suveydiye k\u00f6y\u00fcnden yerel kaynaklar SANA muhabirine, \u201c40 kamyondan olu\u015fan bir konvoyun i\u015fgalci Amerikan g\u00fc\u00e7lerine ait Harab el Jir Havaalan\u0131 \u00fcss\u00fcnden \u00e7\u0131k\u0131p el Velid gayri me\u015fru s\u0131n\u0131r ge\u00e7i\u015fi \u00fczerinden Irak\u2019a do\u011fru ilerledi\u011fini\u201d belirtti.<\/p>\n<p>Kaynaklar, kamyonlardan birinin Amerikan i\u015fgal kuvvetleri i\u00e7in \u00fcslerinin etraf\u0131na m\u00fchendislik tahkimatlar\u0131 in\u015fa etmek ve konu\u015flanma b\u00f6lgelerinde halka ait tar\u0131m arazilerini buldozerle toprak h\u00f6y\u00fckler dikmek i\u00e7in kulland\u0131klar\u0131 bir buldozer ta\u015f\u0131d\u0131\u011f\u0131n\u0131 belirtti.<\/p>\n<p>P.M.<\/p>\n","protected":false},"excerpt":{"rendered":"<p>HASEKE \u2013 Amerikan i\u015fgal g\u00fc\u00e7leri el Cezire b\u00f6lgesinde i\u015fgal ettikleri alanlardaki zenginlikleri ya\u011fmalamaya devam ederek 40 kamyondan olu\u015fan ve \u00e7al\u0131nt\u0131 Suriye bu\u011fday\u0131 ve petrol\u00fc ta\u015f\u0131yan bir konvoyu Haseke\u2019deki gayri me\u015fru el Velid s\u0131n\u0131r ge\u00e7i\u015finden Irak\u2019a do\u011fru \u00e7\u0131kard\u0131. Haseke k\u0131rsal\u0131ndaki Yarubiye b\u00f6lgesine tabi el Suveydiye k\u00f6y\u00fcnden yerel kaynaklar SANA muhabirine, \u201c40 kamyondan olu\u015fan bir konvoyun i\u015fgalci &hellip;<\/p>\n","protected":false},"author":1,"featured_media":239633,"comment_status":"closed","ping_status":"closed","sticky":false,"template":"","format":"standard","meta":{"footnotes":""},"categories":[479,575,17988,478],"tags":[],"class_list":["post-239604","post","type-post","status-publish","format-standard","has-post-thumbnail","","category-haberler-yerel","category-olaylar-ve-gercekler","category-son-haberler","category-yerel"],"_links":{"self":[{"href":"https:\/\/archive.sana.sy\/tr\/index.php?rest_route=\/wp\/v2\/posts\/239604","targetHints":{"allow":["GET"]}}],"collection":[{"href":"https:\/\/archive.sana.sy\/tr\/index.php?rest_route=\/wp\/v2\/posts"}],"about":[{"href":"https:\/\/archive.sana.sy\/tr\/index.php?rest_route=\/wp\/v2\/types\/post"}],"author":[{"embeddable":true,"href":"https:\/\/archive.sana.sy\/tr\/index.php?rest_route=\/wp\/v2\/users\/1"}],"replies":[{"embeddable":true,"href":"https:\/\/archive.sana.sy\/tr\/index.php?rest_route=%2Fwp%2Fv2%2Fcomments&post=239604"}],"version-history":[{"count":0,"href":"https:\/\/archive.sana.sy\/tr\/index.php?rest_route=\/wp\/v2\/posts\/239604\/revisions"}],"wp:featuredmedia":[{"embeddable":true,"href":"https:\/\/archive.sana.sy\/tr\/index.php?rest_route=\/wp\/v2\/media\/239633"}],"wp:attachment":[{"href":"https:\/\/archive.sana.sy\/tr\/index.php?rest_route=%2Fwp%2Fv2%2Fmedia&parent=239604"}],"wp:term":[{"taxonomy":"category","embeddable":true,"href":"https:\/\/archive.sana.sy\/tr\/index.php?rest_route=%2Fwp%2Fv2%2Fcategories&post=239604"},{"taxonomy":"post_tag","embeddable":true,"href":"https:\/\/archive.sana.sy\/tr\/index.php?rest_route=%2Fwp%2Fv2%2Ftags&post=239604"}],"curies":[{"name":"wp","href":"https:\/\/api.w.org\/{rel}","templated":true}]}}