{"id":239637,"date":"2021-07-19T13:15:39","date_gmt":"2021-07-19T10:15:39","guid":{"rendered":"http:\/\/107.6.182.27\/tr\/?p=239637"},"modified":"2021-07-20T17:52:16","modified_gmt":"2021-07-20T14:52:16","slug":"rusyanin-suriyenin-katilimiyla-uzaktan-duzenledigi-dunya-matematik-olimpiyatlarinin-basladi","status":"publish","type":"post","link":"https:\/\/archive.sana.sy\/tr\/?p=239637","title":{"rendered":"Rusya&#8217;n\u0131n Suriye&#8217;nin Kat\u0131l\u0131m\u0131yla Uzaktan D\u00fczenledi\u011fi D\u00fcnya Matematik Olimpiyatlar\u0131 Ba\u015flad\u0131"},"content":{"rendered":"<p>\u015eAM \u2013 Suriye Bilimsel Matematik Olimpiyat\u0131&#8217;n\u0131n uluslararas\u0131 ekibinin kat\u0131l\u0131m\u0131yla Rusya&#8217;n\u0131n uzaktan d\u00fczenledi\u011fi iki g\u00fcn s\u00fcrecek Uluslararas\u0131 Matematik Olimpiyatlar\u0131 (IMO) yar\u0131\u015fmalar\u0131 ba\u015flad\u0131.<\/p>\n<p>M\u00fckemmellik ve Yarat\u0131c\u0131l\u0131k Komisyonu yay\u0131nlad\u0131\u011f\u0131 beyanda, 6 ki\u015fiden olu\u015fan Suriye ekibinin, \u015eam&#8217;daki M\u00fckemmellik ve Yarat\u0131c\u0131l\u0131k Komisyonu genel merkezindeki tek s\u0131nav merkezinden testlere kat\u0131ld\u0131\u011f\u0131n\u0131 belirtti.<\/p>\n<p>Testler, her biri 4.30 saat s\u00fcren iki turda ger\u00e7ekle\u015ftirilir ve say\u0131 teorisi, harmonik analiz, cebir ve geometri eksenlerinde 3 konu i\u00e7erir ve her say\u0131 i\u00e7in 7 puan ayr\u0131l\u0131r. Nihai sonu\u00e7 ise, iki test turunun puanlar\u0131n\u0131n toplam\u0131 ile hesaplan\u0131r.<\/p>\n<p>P.M.<\/p>\n<div id='gallery-1' class='gallery galleryid-239637 gallery-columns-1 gallery-size-full'><figure class='gallery-item'>\n\t\t\t<div class='gallery-icon landscape'>\n\t\t\t\t<a href='https:\/\/archive.sana.sy\/tr\/wp-content\/uploads\/2021\/07\/photo_2021-07-19_12-06-35-1.jpg'><img loading=\"lazy\" decoding=\"async\" width=\"960\" height=\"517\" src=\"https:\/\/archive.sana.sy\/tr\/wp-content\/uploads\/2021\/07\/photo_2021-07-19_12-06-35-1.jpg\" class=\"attachment-full size-full\" alt=\"\" srcset=\"https:\/\/archive.sana.sy\/tr\/wp-content\/uploads\/2021\/07\/photo_2021-07-19_12-06-35-1.jpg 960w, https:\/\/archive.sana.sy\/tr\/wp-content\/uploads\/2021\/07\/photo_2021-07-19_12-06-35-1-300x162.jpg 300w, https:\/\/archive.sana.sy\/tr\/wp-content\/uploads\/2021\/07\/photo_2021-07-19_12-06-35-1-150x81.jpg 150w, https:\/\/archive.sana.sy\/tr\/wp-content\/uploads\/2021\/07\/photo_2021-07-19_12-06-35-1-768x414.jpg 768w\" sizes=\"auto, (max-width: 960px) 100vw, 960px\" \/><\/a>\n\t\t\t<\/div><\/figure><figure class='gallery-item'>\n\t\t\t<div class='gallery-icon landscape'>\n\t\t\t\t<a href='https:\/\/archive.sana.sy\/tr\/wp-content\/uploads\/2021\/07\/photo_2021-07-19_12-17-27-1.jpg'><img loading=\"lazy\" decoding=\"async\" width=\"960\" height=\"612\" src=\"https:\/\/archive.sana.sy\/tr\/wp-content\/uploads\/2021\/07\/photo_2021-07-19_12-17-27-1.jpg\" class=\"attachment-full size-full\" alt=\"\" srcset=\"https:\/\/archive.sana.sy\/tr\/wp-content\/uploads\/2021\/07\/photo_2021-07-19_12-17-27-1.jpg 960w, https:\/\/archive.sana.sy\/tr\/wp-content\/uploads\/2021\/07\/photo_2021-07-19_12-17-27-1-300x191.jpg 300w, https:\/\/archive.sana.sy\/tr\/wp-content\/uploads\/2021\/07\/photo_2021-07-19_12-17-27-1-150x96.jpg 150w, https:\/\/archive.sana.sy\/tr\/wp-content\/uploads\/2021\/07\/photo_2021-07-19_12-17-27-1-768x490.jpg 768w\" sizes=\"auto, (max-width: 960px) 100vw, 960px\" \/><\/a>\n\t\t\t<\/div><\/figure><figure class='gallery-item'>\n\t\t\t<div class='gallery-icon landscape'>\n\t\t\t\t<a href='https:\/\/archive.sana.sy\/tr\/wp-content\/uploads\/2021\/07\/photo_2021-07-19_12-17-29-1.jpg'><img loading=\"lazy\" decoding=\"async\" width=\"960\" height=\"603\" src=\"https:\/\/archive.sana.sy\/tr\/wp-content\/uploads\/2021\/07\/photo_2021-07-19_12-17-29-1.jpg\" class=\"attachment-full size-full\" alt=\"\" srcset=\"https:\/\/archive.sana.sy\/tr\/wp-content\/uploads\/2021\/07\/photo_2021-07-19_12-17-29-1.jpg 960w, https:\/\/archive.sana.sy\/tr\/wp-content\/uploads\/2021\/07\/photo_2021-07-19_12-17-29-1-300x188.jpg 300w, https:\/\/archive.sana.sy\/tr\/wp-content\/uploads\/2021\/07\/photo_2021-07-19_12-17-29-1-150x94.jpg 150w, https:\/\/archive.sana.sy\/tr\/wp-content\/uploads\/2021\/07\/photo_2021-07-19_12-17-29-1-768x482.jpg 768w\" sizes=\"auto, (max-width: 960px) 100vw, 960px\" \/><\/a>\n\t\t\t<\/div><\/figure><figure class='gallery-item'>\n\t\t\t<div class='gallery-icon landscape'>\n\t\t\t\t<a href='https:\/\/archive.sana.sy\/tr\/wp-content\/uploads\/2021\/07\/photo_2021-07-19_12-17-33-1.jpg'><img loading=\"lazy\" decoding=\"async\" width=\"960\" height=\"588\" src=\"https:\/\/archive.sana.sy\/tr\/wp-content\/uploads\/2021\/07\/photo_2021-07-19_12-17-33-1.jpg\" class=\"attachment-full size-full\" alt=\"\" srcset=\"https:\/\/archive.sana.sy\/tr\/wp-content\/uploads\/2021\/07\/photo_2021-07-19_12-17-33-1.jpg 960w, https:\/\/archive.sana.sy\/tr\/wp-content\/uploads\/2021\/07\/photo_2021-07-19_12-17-33-1-300x184.jpg 300w, https:\/\/archive.sana.sy\/tr\/wp-content\/uploads\/2021\/07\/photo_2021-07-19_12-17-33-1-150x92.jpg 150w, https:\/\/archive.sana.sy\/tr\/wp-content\/uploads\/2021\/07\/photo_2021-07-19_12-17-33-1-768x470.jpg 768w\" sizes=\"auto, (max-width: 960px) 100vw, 960px\" \/><\/a>\n\t\t\t<\/div><\/figure>\n\t\t<\/div>\n\n","protected":false},"excerpt":{"rendered":"<p>\u015eAM \u2013 Suriye Bilimsel Matematik Olimpiyat\u0131&#8217;n\u0131n uluslararas\u0131 ekibinin kat\u0131l\u0131m\u0131yla Rusya&#8217;n\u0131n uzaktan d\u00fczenledi\u011fi iki g\u00fcn s\u00fcrecek Uluslararas\u0131 Matematik Olimpiyatlar\u0131 (IMO) yar\u0131\u015fmalar\u0131 ba\u015flad\u0131. M\u00fckemmellik ve Yarat\u0131c\u0131l\u0131k Komisyonu yay\u0131nlad\u0131\u011f\u0131 beyanda, 6 ki\u015fiden olu\u015fan Suriye ekibinin, \u015eam&#8217;daki M\u00fckemmellik ve Yarat\u0131c\u0131l\u0131k Komisyonu genel merkezindeki tek s\u0131nav merkezinden testlere kat\u0131ld\u0131\u011f\u0131n\u0131 belirtti. Testler, her biri 4.30 saat s\u00fcren iki turda ger\u00e7ekle\u015ftirilir ve &hellip;<\/p>\n","protected":false},"author":1,"featured_media":239638,"comment_status":"closed","ping_status":"closed","sticky":false,"template":"","format":"standard","meta":{"footnotes":""},"categories":[596,479,516,511,17988,478],"tags":[],"class_list":["post-239637","post","type-post","status-publish","format-standard","has-post-thumbnail","","category-fotografli-raporlar","category-haberler-yerel","category-haberler-kultur-ve-sanat","category-kultur-ve-sanat","category-son-haberler","category-yerel"],"_links":{"self":[{"href":"https:\/\/archive.sana.sy\/tr\/index.php?rest_route=\/wp\/v2\/posts\/239637","targetHints":{"allow":["GET"]}}],"collection":[{"href":"https:\/\/archive.sana.sy\/tr\/index.php?rest_route=\/wp\/v2\/posts"}],"about":[{"href":"https:\/\/archive.sana.sy\/tr\/index.php?rest_route=\/wp\/v2\/types\/post"}],"author":[{"embeddable":true,"href":"https:\/\/archive.sana.sy\/tr\/index.php?rest_route=\/wp\/v2\/users\/1"}],"replies":[{"embeddable":true,"href":"https:\/\/archive.sana.sy\/tr\/index.php?rest_route=%2Fwp%2Fv2%2Fcomments&post=239637"}],"version-history":[{"count":0,"href":"https:\/\/archive.sana.sy\/tr\/index.php?rest_route=\/wp\/v2\/posts\/239637\/revisions"}],"wp:featuredmedia":[{"embeddable":true,"href":"https:\/\/archive.sana.sy\/tr\/index.php?rest_route=\/wp\/v2\/media\/239638"}],"wp:attachment":[{"href":"https:\/\/archive.sana.sy\/tr\/index.php?rest_route=%2Fwp%2Fv2%2Fmedia&parent=239637"}],"wp:term":[{"taxonomy":"category","embeddable":true,"href":"https:\/\/archive.sana.sy\/tr\/index.php?rest_route=%2Fwp%2Fv2%2Fcategories&post=239637"},{"taxonomy":"post_tag","embeddable":true,"href":"https:\/\/archive.sana.sy\/tr\/index.php?rest_route=%2Fwp%2Fv2%2Ftags&post=239637"}],"curies":[{"name":"wp","href":"https:\/\/api.w.org\/{rel}","templated":true}]}}