{"id":239744,"date":"2021-07-21T15:51:22","date_gmt":"2021-07-21T12:51:22","guid":{"rendered":"http:\/\/107.6.182.27\/tr\/?p=239744"},"modified":"2021-07-22T08:00:44","modified_gmt":"2021-07-22T05:00:44","slug":"rakkanin-kuzeyindeki-uluslararasi-m4-karayolunda-turk-isgali-ve-terorist-kiraliklarinin-roketleriyle-bir-sivil-hayatini-kaybetti","status":"publish","type":"post","link":"https:\/\/archive.sana.sy\/tr\/?p=239744","title":{"rendered":"Rakka&#8217;n\u0131n Kuzeyindeki Uluslararas\u0131 M4 Karayolunda T\u00fcrk \u0130\u015fgali Ve Ter\u00f6rist Kiral\u0131klar\u0131n\u0131n Roketleriyle Bir Sivil Hayat\u0131n\u0131 Kaybetti."},"content":{"rendered":"<p style=\"text-align: justify;\">RAKKA &#8211; T\u00fcrk i\u015fgal g\u00fc\u00e7leri ve ter\u00f6r \u00f6rg\u00fctlerine ba\u011fl\u0131 kiral\u0131klar\u0131n\u0131n Rakka kentinin kuzeyindeki uluslararas\u0131 &#8220;M4&#8221; karayoluna a\u011f\u0131r silahlarla d\u00fczenledi\u011fi sald\u0131r\u0131 sonucu bir sivil \u015fehit oldu, 3 ki\u015fi de yaraland\u0131.<\/p>\n<p style=\"text-align: justify;\">Yerel kaynaklar SANA muhabirine yapt\u0131klar\u0131 a\u00e7\u0131klamalar\u0131nda, T\u00fcrk i\u015fgali ve ter\u00f6ristlerden kiral\u0131klar\u0131n\u0131n ge\u00e7ti\u011fimiz saatlerde aral\u0131kl\u0131 olarak a\u011f\u0131r ve orta silahlarla, Ayn \u0130sa kasabas\u0131 ile Rakka&#8217;n\u0131n kuzey k\u0131rsal\u0131ndaki Ho\u015fan k\u00f6y\u00fc aras\u0131ndaki yolda arabalar\u0131n\u0131n tesad\u00fcfen ge\u00e7i\u015fi esnas\u0131nda, uluslararas\u0131 &#8220;M4&#8221; karayolunu hedef ald\u0131\u011f\u0131n\u0131, bunun sonucunda bir sivilin \u00f6l\u00fcm\u00fcne, \u00fc\u00e7 ki\u015finin de yaralanmas\u0131na neden oldu\u011funu s\u00f6yledi.<\/p>\n","protected":false},"excerpt":{"rendered":"<p>RAKKA &#8211; T\u00fcrk i\u015fgal g\u00fc\u00e7leri ve ter\u00f6r \u00f6rg\u00fctlerine ba\u011fl\u0131 kiral\u0131klar\u0131n\u0131n Rakka kentinin kuzeyindeki uluslararas\u0131 &#8220;M4&#8221; karayoluna a\u011f\u0131r silahlarla d\u00fczenledi\u011fi sald\u0131r\u0131 sonucu bir sivil \u015fehit oldu, 3 ki\u015fi de yaraland\u0131. Yerel kaynaklar SANA muhabirine yapt\u0131klar\u0131 a\u00e7\u0131klamalar\u0131nda, T\u00fcrk i\u015fgali ve ter\u00f6ristlerden kiral\u0131klar\u0131n\u0131n ge\u00e7ti\u011fimiz saatlerde aral\u0131kl\u0131 olarak a\u011f\u0131r ve orta silahlarla, Ayn \u0130sa kasabas\u0131 ile Rakka&#8217;n\u0131n kuzey k\u0131rsal\u0131ndaki &hellip;<\/p>\n","protected":false},"author":1,"featured_media":239745,"comment_status":"closed","ping_status":"closed","sticky":false,"template":"","format":"standard","meta":{"footnotes":""},"categories":[479,575,17988,2554,2555,478],"tags":[],"class_list":["post-239744","post","type-post","status-publish","format-standard","has-post-thumbnail","","category-haberler-yerel","category-olaylar-ve-gercekler","category-son-haberler","category-suriye-ve-dunya","category-suriye-ve-turkiye","category-yerel"],"_links":{"self":[{"href":"https:\/\/archive.sana.sy\/tr\/index.php?rest_route=\/wp\/v2\/posts\/239744","targetHints":{"allow":["GET"]}}],"collection":[{"href":"https:\/\/archive.sana.sy\/tr\/index.php?rest_route=\/wp\/v2\/posts"}],"about":[{"href":"https:\/\/archive.sana.sy\/tr\/index.php?rest_route=\/wp\/v2\/types\/post"}],"author":[{"embeddable":true,"href":"https:\/\/archive.sana.sy\/tr\/index.php?rest_route=\/wp\/v2\/users\/1"}],"replies":[{"embeddable":true,"href":"https:\/\/archive.sana.sy\/tr\/index.php?rest_route=%2Fwp%2Fv2%2Fcomments&post=239744"}],"version-history":[{"count":0,"href":"https:\/\/archive.sana.sy\/tr\/index.php?rest_route=\/wp\/v2\/posts\/239744\/revisions"}],"wp:featuredmedia":[{"embeddable":true,"href":"https:\/\/archive.sana.sy\/tr\/index.php?rest_route=\/wp\/v2\/media\/239745"}],"wp:attachment":[{"href":"https:\/\/archive.sana.sy\/tr\/index.php?rest_route=%2Fwp%2Fv2%2Fmedia&parent=239744"}],"wp:term":[{"taxonomy":"category","embeddable":true,"href":"https:\/\/archive.sana.sy\/tr\/index.php?rest_route=%2Fwp%2Fv2%2Fcategories&post=239744"},{"taxonomy":"post_tag","embeddable":true,"href":"https:\/\/archive.sana.sy\/tr\/index.php?rest_route=%2Fwp%2Fv2%2Ftags&post=239744"}],"curies":[{"name":"wp","href":"https:\/\/api.w.org\/{rel}","templated":true}]}}