{"id":239913,"date":"2021-07-23T23:27:44","date_gmt":"2021-07-23T20:27:44","guid":{"rendered":"http:\/\/107.6.182.27\/tr\/?p=239913"},"modified":"2021-07-24T14:08:40","modified_gmt":"2021-07-24T11:08:40","slug":"uluslararasi-matematik-olimpiyatlarinda-suriyeye-iki-bronz-ve-iki-tesekkur-belgesi","status":"publish","type":"post","link":"https:\/\/archive.sana.sy\/tr\/?p=239913","title":{"rendered":"Uluslararas\u0131 Matematik Olimpiyatlar\u0131nda Suriye&#8217;ye \u0130ki Bronz ve \u0130ki Te\u015fekk\u00fcr Belgesi"},"content":{"rendered":"<p style=\"text-align: justify;\">\u015eAM \u2013 Rusya taraf\u0131ndan d\u00fcnyan\u0131n bir\u00e7ok \u00fclkesinden geni\u015f kat\u0131l\u0131mla uzaktan organize edilen 2021 y\u0131l\u0131 IMO Uluslararas\u0131 Matematik Olimpiyatlar\u0131&#8217;nda Suriye Bilimsel Olimpiyat\u0131 \u00f6\u011frencileri iki bronz madalya ve iki takdir belgesi kazand\u0131.<\/p>\n<p style=\"text-align: justify;\">M\u00fckemmellik ve Yarat\u0131c\u0131l\u0131k Kurumu bug\u00fcn yay\u0131nlad\u0131\u011f\u0131 beyanda, iki bronz madalyan\u0131n Halepli \u00f6\u011frenciler Ala Eddin Ahmed ve Mohamed Fuad el Maeen taraf\u0131ndan kazan\u0131ld\u0131\u011f\u0131n\u0131 belirtti. Beyan, iki te\u015fekk\u00fcr belgesi teslim alan \u00f6\u011frencilerin Tartus&#8217;tan el Hussein Halil ve Homs&#8217;tan Halid Rajub\u2019un oldu\u011funu ekledi.<\/p>\n<p style=\"text-align: justify;\">Bu sonu\u00e7, matematikte d\u00fcnyan\u0131n en b\u00fcy\u00fc\u011f\u00fc olan bu bilimsel de\u011fere on \u00fc\u00e7\u00fcnc\u00fc Suriyeli kat\u0131l\u0131m\u0131ndan kaynaklanmaktad\u0131r.<\/p>\n","protected":false},"excerpt":{"rendered":"<p>\u015eAM \u2013 Rusya taraf\u0131ndan d\u00fcnyan\u0131n bir\u00e7ok \u00fclkesinden geni\u015f kat\u0131l\u0131mla uzaktan organize edilen 2021 y\u0131l\u0131 IMO Uluslararas\u0131 Matematik Olimpiyatlar\u0131&#8217;nda Suriye Bilimsel Olimpiyat\u0131 \u00f6\u011frencileri iki bronz madalya ve iki takdir belgesi kazand\u0131. M\u00fckemmellik ve Yarat\u0131c\u0131l\u0131k Kurumu bug\u00fcn yay\u0131nlad\u0131\u011f\u0131 beyanda, iki bronz madalyan\u0131n Halepli \u00f6\u011frenciler Ala Eddin Ahmed ve Mohamed Fuad el Maeen taraf\u0131ndan kazan\u0131ld\u0131\u011f\u0131n\u0131 belirtti. Beyan, iki &hellip;<\/p>\n","protected":false},"author":1,"featured_media":239914,"comment_status":"closed","ping_status":"closed","sticky":false,"template":"","format":"standard","meta":{"footnotes":""},"categories":[516,479,511,17988,478],"tags":[],"class_list":["post-239913","post","type-post","status-publish","format-standard","has-post-thumbnail","","category-haberler-kultur-ve-sanat","category-haberler-yerel","category-kultur-ve-sanat","category-son-haberler","category-yerel"],"_links":{"self":[{"href":"https:\/\/archive.sana.sy\/tr\/index.php?rest_route=\/wp\/v2\/posts\/239913","targetHints":{"allow":["GET"]}}],"collection":[{"href":"https:\/\/archive.sana.sy\/tr\/index.php?rest_route=\/wp\/v2\/posts"}],"about":[{"href":"https:\/\/archive.sana.sy\/tr\/index.php?rest_route=\/wp\/v2\/types\/post"}],"author":[{"embeddable":true,"href":"https:\/\/archive.sana.sy\/tr\/index.php?rest_route=\/wp\/v2\/users\/1"}],"replies":[{"embeddable":true,"href":"https:\/\/archive.sana.sy\/tr\/index.php?rest_route=%2Fwp%2Fv2%2Fcomments&post=239913"}],"version-history":[{"count":0,"href":"https:\/\/archive.sana.sy\/tr\/index.php?rest_route=\/wp\/v2\/posts\/239913\/revisions"}],"wp:featuredmedia":[{"embeddable":true,"href":"https:\/\/archive.sana.sy\/tr\/index.php?rest_route=\/wp\/v2\/media\/239914"}],"wp:attachment":[{"href":"https:\/\/archive.sana.sy\/tr\/index.php?rest_route=%2Fwp%2Fv2%2Fmedia&parent=239913"}],"wp:term":[{"taxonomy":"category","embeddable":true,"href":"https:\/\/archive.sana.sy\/tr\/index.php?rest_route=%2Fwp%2Fv2%2Fcategories&post=239913"},{"taxonomy":"post_tag","embeddable":true,"href":"https:\/\/archive.sana.sy\/tr\/index.php?rest_route=%2Fwp%2Fv2%2Ftags&post=239913"}],"curies":[{"name":"wp","href":"https:\/\/api.w.org\/{rel}","templated":true}]}}