{"id":239951,"date":"2021-07-24T14:19:12","date_gmt":"2021-07-24T11:19:12","guid":{"rendered":"http:\/\/107.6.182.27\/tr\/?p=239951"},"modified":"2021-07-25T08:02:57","modified_gmt":"2021-07-25T05:02:57","slug":"misir-suriye-halkiyla-dayanisma-komitesi-washington-suriyelilerin-servetini-yagmaliyor","status":"publish","type":"post","link":"https:\/\/archive.sana.sy\/tr\/?p=239951","title":{"rendered":"M\u0131s\u0131r Suriye Halk\u0131yla Dayan\u0131\u015fma Komitesi: Washington, Suriyelilerin Servetini Ya\u011fmal\u0131yor"},"content":{"rendered":"<p>KAH\u0130RE \u2013 M\u0131s\u0131r Halk\u0131n\u0131n Suriye Halk\u0131yla Dayan\u0131\u015fma Komitesi, uluslararas\u0131 toplumun Suriye topraklar\u0131ndaki Amerikan ve T\u00fcrk i\u015fgallerinin devam\u0131na y\u00f6nelik sessizli\u011fini ele\u015ftirdi.<\/p>\n<p>Komite yay\u0131nlad\u0131\u011f\u0131 beyanda, &#8220;Amerikan ve T\u00fcrk i\u015fgal g\u00fc\u00e7lerinin uluslararas\u0131 sessizli\u011fe ra\u011fmen Suriye topraklar\u0131ndaki varl\u0131\u011f\u0131n\u0131 s\u00fcrd\u00fcrmesi, bu adaletsiz toplumu y\u00f6neten \u00e7ifte standard\u0131 g\u00f6steren bir i\u015farettir&#8221; dedi.<\/p>\n<p>Beyanda, Washington&#8217;un &#8220;kendisi ile birlikte kahraman Suriye halk\u0131na dayatt\u0131\u011f\u0131 bu haks\u0131z ku\u015fatma ile yetinmedi\u011fi, bunun yerine askeri i\u015fgal uygulad\u0131\u011f\u0131 ve uluslararas\u0131 norm ve s\u00f6zle\u015fmeleri ihlal ederek Suriye s\u0131n\u0131rlar\u0131 i\u00e7inde bulundu\u011funu\u201d belirtilirken, Washington\u2019un \u201cayn\u0131 zamanda utan\u00e7 verici bir uluslararas\u0131 sessizli\u011fin ortas\u0131nda Suriye halk\u0131n\u0131n servetinin \u00e7al\u0131nmas\u0131n\u0131 ve ya\u011fmalanmas\u0131n\u0131 da ger\u00e7ekle\u015ftirdi\u011fine\u201d i\u015faret edildi.<\/p>\n<p>Beyanda, Suriye&#8217;nin zaferlerini tamamlayaca\u011f\u0131na ve i\u015fgal alt\u0131ndaki topraklar\u0131n\u0131n her kar\u0131\u015f\u0131n\u0131 \u00f6zg\u00fcrle\u015ftirece\u011fine olan g\u00fcveni ifade edildi. Son olarak beyan, haks\u0131z yapt\u0131r\u0131mlar\u0131n ve ku\u015fatman\u0131n, Suriye halk\u0131n\u0131n ve yi\u011fit ordusunun ter\u00f6re ve destek\u00e7ilerine kar\u015f\u0131 nihai zafere kadar m\u00fccadelesini tamamlama kararl\u0131l\u0131\u011f\u0131n\u0131 art\u0131raca\u011f\u0131n\u0131 vurgulad\u0131.<\/p>\n<p>P.M.<\/p>\n","protected":false},"excerpt":{"rendered":"<p>KAH\u0130RE \u2013 M\u0131s\u0131r Halk\u0131n\u0131n Suriye Halk\u0131yla Dayan\u0131\u015fma Komitesi, uluslararas\u0131 toplumun Suriye topraklar\u0131ndaki Amerikan ve T\u00fcrk i\u015fgallerinin devam\u0131na y\u00f6nelik sessizli\u011fini ele\u015ftirdi. Komite yay\u0131nlad\u0131\u011f\u0131 beyanda, &#8220;Amerikan ve T\u00fcrk i\u015fgal g\u00fc\u00e7lerinin uluslararas\u0131 sessizli\u011fe ra\u011fmen Suriye topraklar\u0131ndaki varl\u0131\u011f\u0131n\u0131 s\u00fcrd\u00fcrmesi, bu adaletsiz toplumu y\u00f6neten \u00e7ifte standard\u0131 g\u00f6steren bir i\u015farettir&#8221; dedi. Beyanda, Washington&#8217;un &#8220;kendisi ile birlikte kahraman Suriye halk\u0131na dayatt\u0131\u011f\u0131 bu &hellip;<\/p>\n","protected":false},"author":1,"featured_media":239953,"comment_status":"closed","ping_status":"closed","sticky":false,"template":"","format":"standard","meta":{"footnotes":""},"categories":[458,459,17988],"tags":[],"class_list":["post-239951","post","type-post","status-publish","format-standard","has-post-thumbnail","","category-dunya1","category-haberler-arap-uluslararasi-politika","category-son-haberler"],"_links":{"self":[{"href":"https:\/\/archive.sana.sy\/tr\/index.php?rest_route=\/wp\/v2\/posts\/239951","targetHints":{"allow":["GET"]}}],"collection":[{"href":"https:\/\/archive.sana.sy\/tr\/index.php?rest_route=\/wp\/v2\/posts"}],"about":[{"href":"https:\/\/archive.sana.sy\/tr\/index.php?rest_route=\/wp\/v2\/types\/post"}],"author":[{"embeddable":true,"href":"https:\/\/archive.sana.sy\/tr\/index.php?rest_route=\/wp\/v2\/users\/1"}],"replies":[{"embeddable":true,"href":"https:\/\/archive.sana.sy\/tr\/index.php?rest_route=%2Fwp%2Fv2%2Fcomments&post=239951"}],"version-history":[{"count":0,"href":"https:\/\/archive.sana.sy\/tr\/index.php?rest_route=\/wp\/v2\/posts\/239951\/revisions"}],"wp:featuredmedia":[{"embeddable":true,"href":"https:\/\/archive.sana.sy\/tr\/index.php?rest_route=\/wp\/v2\/media\/239953"}],"wp:attachment":[{"href":"https:\/\/archive.sana.sy\/tr\/index.php?rest_route=%2Fwp%2Fv2%2Fmedia&parent=239951"}],"wp:term":[{"taxonomy":"category","embeddable":true,"href":"https:\/\/archive.sana.sy\/tr\/index.php?rest_route=%2Fwp%2Fv2%2Fcategories&post=239951"},{"taxonomy":"post_tag","embeddable":true,"href":"https:\/\/archive.sana.sy\/tr\/index.php?rest_route=%2Fwp%2Fv2%2Ftags&post=239951"}],"curies":[{"name":"wp","href":"https:\/\/api.w.org\/{rel}","templated":true}]}}