{"id":239976,"date":"2021-07-24T23:00:55","date_gmt":"2021-07-24T20:00:55","guid":{"rendered":"http:\/\/107.6.182.27\/tr\/?p=239976"},"modified":"2021-07-26T13:48:18","modified_gmt":"2021-07-26T10:48:18","slug":"zafer-kutlamasi-basligi-altinda-homsta-kale-ve-vadi-festivali-faaliyetlerine-basladi","status":"publish","type":"post","link":"https:\/\/archive.sana.sy\/tr\/?p=239976","title":{"rendered":"\u201cZafer Kutlamas\u0131\u201d Ba\u015fl\u0131\u011f\u0131 Alt\u0131nda\u2026 Homs&#8217;ta Kale ve Vadi Festivali Faaliyetlerine Ba\u015flad\u0131"},"content":{"rendered":"<p style=\"text-align: justify;\">HOMS \u2013 Homs Valili\u011fi ile Turizm ve K\u00fclt\u00fcr Bakanl\u0131klar\u0131 taraf\u0131ndan d\u00fczenlenen Kale ve Vadi Festivali etkinlikleri bu ak\u015fam Homs k\u0131rsal\u0131ndaki Vadi el Nadarah b\u00f6lgesinde ba\u015flad\u0131.<\/p>\n<p style=\"text-align: justify;\">Homs K\u00fclt\u00fcr M\u00fcd\u00fcrl\u00fc\u011f\u00fc orkestrasinin m\u00fczi\u011fi etkisiyle festival, Homs&#8217;un bat\u0131 k\u0131rsal\u0131ndaki Kalet el Hosn Meydan\u0131&#8217;nda geni\u015f bir resmi, k\u00fclt\u00fcrel ve pop\u00fcler kat\u0131l\u0131mla \u201cZafer Kutlamas\u0131\u201d ad\u0131 alt\u0131nda ba\u015flad\u0131.<\/p>\n<p style=\"text-align: justify;\">Bug\u00fcnk\u00fc etkinlikler aras\u0131nda el Huva\u015f \u00d6zel \u00dcniversitesi tiyatrosunda Suriye ve Rus Film<a href=\"http:\/\/107.6.182.27\/tr\/wp-content\/uploads\/2021\/07\/photo_2021-07-24_21-49-16-scaled.jpg\"><img loading=\"lazy\" decoding=\"async\" class=\"size-medium wp-image-239978 alignright\" src=\"http:\/\/107.6.182.27\/tr\/wp-content\/uploads\/2021\/07\/photo_2021-07-24_21-49-16-300x185.jpg\" alt=\"\" width=\"300\" height=\"185\" srcset=\"https:\/\/archive.sana.sy\/tr\/wp-content\/uploads\/2021\/07\/photo_2021-07-24_21-49-16-300x185.jpg 300w, https:\/\/archive.sana.sy\/tr\/wp-content\/uploads\/2021\/07\/photo_2021-07-24_21-49-16-1024x630.jpg 1024w, https:\/\/archive.sana.sy\/tr\/wp-content\/uploads\/2021\/07\/photo_2021-07-24_21-49-16-150x92.jpg 150w, https:\/\/archive.sana.sy\/tr\/wp-content\/uploads\/2021\/07\/photo_2021-07-24_21-49-16-768x472.jpg 768w, https:\/\/archive.sana.sy\/tr\/wp-content\/uploads\/2021\/07\/photo_2021-07-24_21-49-16-1536x945.jpg 1536w, https:\/\/archive.sana.sy\/tr\/wp-content\/uploads\/2021\/07\/photo_2021-07-24_21-49-16-2048x1260.jpg 2048w\" sizes=\"auto, (max-width: 300px) 100vw, 300px\" \/><\/a> Haftas\u0131&#8217;n\u0131n lansman\u0131 yer ald\u0131.<\/p>\n<p style=\"text-align: justify;\">Homs Valisi Bessam Barsik a\u00e7\u0131l\u0131\u015f t\u00f6reninde yapt\u0131\u011f\u0131 konu\u015fmada, festivalin bu y\u0131lki lansman\u0131n\u0131n Suriyelilerin kutlamalar\u0131na, Dr.Be\u015f\u015far el Esad&#8217;\u0131n anayasa se\u00e7imlerini kazanmas\u0131 ve Cumhurba\u015fkan\u0131 se\u00e7ilmesiyle ayn\u0131 zamana denk geldi\u011fini belirtti.<\/p>\n<p style=\"text-align: justify;\">Barsik, Kale ve Vadi Festivali&#8217;nin Suriye&#8217;deki en \u00f6nemli festivallerden biri oldu\u011funu ve Homs \u0130li&#8217;nin k\u00fclt\u00fcr, sanat ve e\u011flence alanlar\u0131nda kapsaml\u0131 ve \u00e7e\u015fitlendirilmi\u015f olmas\u0131 i\u00e7in ba\u015far\u0131 fakt\u00f6rleri sa\u011flamaya \u00e7al\u0131\u015ft\u0131\u011f\u0131n\u0131 da s\u00f6zlerine ekledi.<\/p>\n<p style=\"text-align: justify;\">Homs Turizm M\u00fcd\u00fcr\u00fc Ahmed Aka\u015f ise, festivalin gurbet\u00e7ilerin anavatanlar\u0131na d\u00f6n\u00fc\u015f\u00fc ile ayn\u0131 zamana denk geldi\u011fini belirterek, \u00fc\u00e7 hafta boyunca \u00e7e\u015fitli k\u00fclt\u00fcr, spor ve sanat etkinliklerini i\u00e7erdi\u011fine dikkat \u00e7ekti.<\/p>\n<div id='gallery-1' class='gallery galleryid-239976 gallery-columns-4 gallery-size-medium'><figure class='gallery-item'>\n\t\t\t<div class='gallery-icon landscape'>\n\t\t\t\t<a href='https:\/\/archive.sana.sy\/tr\/wp-content\/uploads\/2021\/07\/photo_2021-07-24_21-48-47-scaled.jpg'><img loading=\"lazy\" decoding=\"async\" width=\"300\" height=\"185\" src=\"https:\/\/archive.sana.sy\/tr\/wp-content\/uploads\/2021\/07\/photo_2021-07-24_21-48-47-300x185.jpg\" class=\"attachment-medium size-medium\" alt=\"\" srcset=\"https:\/\/archive.sana.sy\/tr\/wp-content\/uploads\/2021\/07\/photo_2021-07-24_21-48-47-300x185.jpg 300w, https:\/\/archive.sana.sy\/tr\/wp-content\/uploads\/2021\/07\/photo_2021-07-24_21-48-47-1024x630.jpg 1024w, https:\/\/archive.sana.sy\/tr\/wp-content\/uploads\/2021\/07\/photo_2021-07-24_21-48-47-150x92.jpg 150w, https:\/\/archive.sana.sy\/tr\/wp-content\/uploads\/2021\/07\/photo_2021-07-24_21-48-47-768x472.jpg 768w, https:\/\/archive.sana.sy\/tr\/wp-content\/uploads\/2021\/07\/photo_2021-07-24_21-48-47-1536x945.jpg 1536w, https:\/\/archive.sana.sy\/tr\/wp-content\/uploads\/2021\/07\/photo_2021-07-24_21-48-47-2048x1260.jpg 2048w\" sizes=\"auto, (max-width: 300px) 100vw, 300px\" \/><\/a>\n\t\t\t<\/div><\/figure><figure class='gallery-item'>\n\t\t\t<div class='gallery-icon landscape'>\n\t\t\t\t<a href='https:\/\/archive.sana.sy\/tr\/wp-content\/uploads\/2021\/07\/photo_2021-07-24_21-48-52-scaled.jpg'><img loading=\"lazy\" decoding=\"async\" width=\"300\" height=\"187\" src=\"https:\/\/archive.sana.sy\/tr\/wp-content\/uploads\/2021\/07\/photo_2021-07-24_21-48-52-300x187.jpg\" class=\"attachment-medium size-medium\" alt=\"\" srcset=\"https:\/\/archive.sana.sy\/tr\/wp-content\/uploads\/2021\/07\/photo_2021-07-24_21-48-52-300x187.jpg 300w, https:\/\/archive.sana.sy\/tr\/wp-content\/uploads\/2021\/07\/photo_2021-07-24_21-48-52-1024x637.jpg 1024w, https:\/\/archive.sana.sy\/tr\/wp-content\/uploads\/2021\/07\/photo_2021-07-24_21-48-52-150x93.jpg 150w, https:\/\/archive.sana.sy\/tr\/wp-content\/uploads\/2021\/07\/photo_2021-07-24_21-48-52-768x478.jpg 768w, https:\/\/archive.sana.sy\/tr\/wp-content\/uploads\/2021\/07\/photo_2021-07-24_21-48-52-1536x955.jpg 1536w, https:\/\/archive.sana.sy\/tr\/wp-content\/uploads\/2021\/07\/photo_2021-07-24_21-48-52-2048x1273.jpg 2048w\" sizes=\"auto, (max-width: 300px) 100vw, 300px\" \/><\/a>\n\t\t\t<\/div><\/figure><figure class='gallery-item'>\n\t\t\t<div class='gallery-icon landscape'>\n\t\t\t\t<a href='https:\/\/archive.sana.sy\/tr\/wp-content\/uploads\/2021\/07\/photo_2021-07-24_21-49-20-scaled.jpg'><img loading=\"lazy\" decoding=\"async\" width=\"300\" height=\"189\" src=\"https:\/\/archive.sana.sy\/tr\/wp-content\/uploads\/2021\/07\/photo_2021-07-24_21-49-20-300x189.jpg\" class=\"attachment-medium size-medium\" alt=\"\" srcset=\"https:\/\/archive.sana.sy\/tr\/wp-content\/uploads\/2021\/07\/photo_2021-07-24_21-49-20-300x189.jpg 300w, https:\/\/archive.sana.sy\/tr\/wp-content\/uploads\/2021\/07\/photo_2021-07-24_21-49-20-1024x644.jpg 1024w, https:\/\/archive.sana.sy\/tr\/wp-content\/uploads\/2021\/07\/photo_2021-07-24_21-49-20-150x94.jpg 150w, https:\/\/archive.sana.sy\/tr\/wp-content\/uploads\/2021\/07\/photo_2021-07-24_21-49-20-768x483.jpg 768w, https:\/\/archive.sana.sy\/tr\/wp-content\/uploads\/2021\/07\/photo_2021-07-24_21-49-20-1536x966.jpg 1536w, https:\/\/archive.sana.sy\/tr\/wp-content\/uploads\/2021\/07\/photo_2021-07-24_21-49-20-2048x1288.jpg 2048w\" sizes=\"auto, (max-width: 300px) 100vw, 300px\" \/><\/a>\n\t\t\t<\/div><\/figure><figure class='gallery-item'>\n\t\t\t<div class='gallery-icon landscape'>\n\t\t\t\t<a href='https:\/\/archive.sana.sy\/tr\/wp-content\/uploads\/2021\/07\/photo_2021-07-24_21-49-25-scaled.jpg'><img loading=\"lazy\" decoding=\"async\" width=\"300\" height=\"186\" src=\"https:\/\/archive.sana.sy\/tr\/wp-content\/uploads\/2021\/07\/photo_2021-07-24_21-49-25-300x186.jpg\" class=\"attachment-medium size-medium\" alt=\"\" srcset=\"https:\/\/archive.sana.sy\/tr\/wp-content\/uploads\/2021\/07\/photo_2021-07-24_21-49-25-300x186.jpg 300w, https:\/\/archive.sana.sy\/tr\/wp-content\/uploads\/2021\/07\/photo_2021-07-24_21-49-25-1024x634.jpg 1024w, https:\/\/archive.sana.sy\/tr\/wp-content\/uploads\/2021\/07\/photo_2021-07-24_21-49-25-150x93.jpg 150w, https:\/\/archive.sana.sy\/tr\/wp-content\/uploads\/2021\/07\/photo_2021-07-24_21-49-25-768x476.jpg 768w, https:\/\/archive.sana.sy\/tr\/wp-content\/uploads\/2021\/07\/photo_2021-07-24_21-49-25-1536x952.jpg 1536w, https:\/\/archive.sana.sy\/tr\/wp-content\/uploads\/2021\/07\/photo_2021-07-24_21-49-25-2048x1269.jpg 2048w\" sizes=\"auto, (max-width: 300px) 100vw, 300px\" \/><\/a>\n\t\t\t<\/div><\/figure>\n\t\t<\/div>\n\n","protected":false},"excerpt":{"rendered":"<p>HOMS \u2013 Homs Valili\u011fi ile Turizm ve K\u00fclt\u00fcr Bakanl\u0131klar\u0131 taraf\u0131ndan d\u00fczenlenen Kale ve Vadi Festivali etkinlikleri bu ak\u015fam Homs k\u0131rsal\u0131ndaki Vadi el Nadarah b\u00f6lgesinde ba\u015flad\u0131. Homs K\u00fclt\u00fcr M\u00fcd\u00fcrl\u00fc\u011f\u00fc orkestrasinin m\u00fczi\u011fi etkisiyle festival, Homs&#8217;un bat\u0131 k\u0131rsal\u0131ndaki Kalet el Hosn Meydan\u0131&#8217;nda geni\u015f bir resmi, k\u00fclt\u00fcrel ve pop\u00fcler kat\u0131l\u0131mla \u201cZafer Kutlamas\u0131\u201d ad\u0131 alt\u0131nda ba\u015flad\u0131. Bug\u00fcnk\u00fc etkinlikler aras\u0131nda el &hellip;<\/p>\n","protected":false},"author":1,"featured_media":239977,"comment_status":"closed","ping_status":"closed","sticky":false,"template":"","format":"standard","meta":{"footnotes":""},"categories":[596,516,479,511,17988,478],"tags":[],"class_list":["post-239976","post","type-post","status-publish","format-standard","has-post-thumbnail","","category-fotografli-raporlar","category-haberler-kultur-ve-sanat","category-haberler-yerel","category-kultur-ve-sanat","category-son-haberler","category-yerel"],"_links":{"self":[{"href":"https:\/\/archive.sana.sy\/tr\/index.php?rest_route=\/wp\/v2\/posts\/239976","targetHints":{"allow":["GET"]}}],"collection":[{"href":"https:\/\/archive.sana.sy\/tr\/index.php?rest_route=\/wp\/v2\/posts"}],"about":[{"href":"https:\/\/archive.sana.sy\/tr\/index.php?rest_route=\/wp\/v2\/types\/post"}],"author":[{"embeddable":true,"href":"https:\/\/archive.sana.sy\/tr\/index.php?rest_route=\/wp\/v2\/users\/1"}],"replies":[{"embeddable":true,"href":"https:\/\/archive.sana.sy\/tr\/index.php?rest_route=%2Fwp%2Fv2%2Fcomments&post=239976"}],"version-history":[{"count":0,"href":"https:\/\/archive.sana.sy\/tr\/index.php?rest_route=\/wp\/v2\/posts\/239976\/revisions"}],"wp:featuredmedia":[{"embeddable":true,"href":"https:\/\/archive.sana.sy\/tr\/index.php?rest_route=\/wp\/v2\/media\/239977"}],"wp:attachment":[{"href":"https:\/\/archive.sana.sy\/tr\/index.php?rest_route=%2Fwp%2Fv2%2Fmedia&parent=239976"}],"wp:term":[{"taxonomy":"category","embeddable":true,"href":"https:\/\/archive.sana.sy\/tr\/index.php?rest_route=%2Fwp%2Fv2%2Fcategories&post=239976"},{"taxonomy":"post_tag","embeddable":true,"href":"https:\/\/archive.sana.sy\/tr\/index.php?rest_route=%2Fwp%2Fv2%2Ftags&post=239976"}],"curies":[{"name":"wp","href":"https:\/\/api.w.org\/{rel}","templated":true}]}}