{"id":239984,"date":"2021-07-25T08:11:09","date_gmt":"2021-07-25T05:11:09","guid":{"rendered":"http:\/\/107.6.182.27\/tr\/?p=239984"},"modified":"2021-07-27T16:39:08","modified_gmt":"2021-07-27T13:39:08","slug":"saglik-bakanligi-yeni-7-koronavirus-vakasi-tescil-edildi-5-vaka-iyilesti-vefat-yok","status":"publish","type":"post","link":"https:\/\/archive.sana.sy\/tr\/?p=239984","title":{"rendered":"Sa\u011fl\u0131k Bakanl\u0131\u011f\u0131: Yeni 7 Koronavir\u00fcs Vakas\u0131 Tescil Edildi, 5 Vaka \u0130yile\u015fti, Vefat Yok.."},"content":{"rendered":"<p>\u015eAM \u2013 Sa\u011fl\u0131k Bakanl\u0131\u011f\u0131, yeni 7 koronavir\u00fcs vakas\u0131n\u0131n tescil edildi\u011fini 5 vakan\u0131n iyile\u015fti\u011fini ve koronavir\u00fcs ile enfekte herhangi bir vakan\u0131n vefan etmedi\u011fini ilan etti.<\/p>\n<p>Bakanl\u0131\u011f\u0131n yay\u0131nlad\u0131\u011f\u0131 ve SANA\u2019n\u0131n n\u00fcshas\u0131n\u0131 ald\u0131\u011f\u0131 beyanda, Suriye\u2019de tescil edilen vaka says\u0131n\u0131n bug\u00fcne kadar 25865\u2019e y\u00fckseldi\u011fini, bunlardan 21942\u2019sinin iyile\u015fti\u011fini ve 1905 vakan\u0131n vefat etti\u011fini belirtti.<\/p>\n","protected":false},"excerpt":{"rendered":"<p>\u015eAM \u2013 Sa\u011fl\u0131k Bakanl\u0131\u011f\u0131, yeni 7 koronavir\u00fcs vakas\u0131n\u0131n tescil edildi\u011fini 5 vakan\u0131n iyile\u015fti\u011fini ve koronavir\u00fcs ile enfekte herhangi bir vakan\u0131n vefan etmedi\u011fini ilan etti. Bakanl\u0131\u011f\u0131n yay\u0131nlad\u0131\u011f\u0131 ve SANA\u2019n\u0131n n\u00fcshas\u0131n\u0131 ald\u0131\u011f\u0131 beyanda, Suriye\u2019de tescil edilen vaka says\u0131n\u0131n bug\u00fcne kadar 25865\u2019e y\u00fckseldi\u011fini, bunlardan 21942\u2019sinin iyile\u015fti\u011fini ve 1905 vakan\u0131n vefat etti\u011fini belirtti.<\/p>\n","protected":false},"author":36,"featured_media":239985,"comment_status":"closed","ping_status":"closed","sticky":false,"template":"","format":"standard","meta":{"footnotes":""},"categories":[526,479,17988,525,478],"tags":[],"class_list":["post-239984","post","type-post","status-publish","format-standard","has-post-thumbnail","","category-haber-ve-raporlar","category-haberler-yerel","category-son-haberler","category-toplum","category-yerel"],"_links":{"self":[{"href":"https:\/\/archive.sana.sy\/tr\/index.php?rest_route=\/wp\/v2\/posts\/239984","targetHints":{"allow":["GET"]}}],"collection":[{"href":"https:\/\/archive.sana.sy\/tr\/index.php?rest_route=\/wp\/v2\/posts"}],"about":[{"href":"https:\/\/archive.sana.sy\/tr\/index.php?rest_route=\/wp\/v2\/types\/post"}],"author":[{"embeddable":true,"href":"https:\/\/archive.sana.sy\/tr\/index.php?rest_route=\/wp\/v2\/users\/36"}],"replies":[{"embeddable":true,"href":"https:\/\/archive.sana.sy\/tr\/index.php?rest_route=%2Fwp%2Fv2%2Fcomments&post=239984"}],"version-history":[{"count":0,"href":"https:\/\/archive.sana.sy\/tr\/index.php?rest_route=\/wp\/v2\/posts\/239984\/revisions"}],"wp:featuredmedia":[{"embeddable":true,"href":"https:\/\/archive.sana.sy\/tr\/index.php?rest_route=\/wp\/v2\/media\/239985"}],"wp:attachment":[{"href":"https:\/\/archive.sana.sy\/tr\/index.php?rest_route=%2Fwp%2Fv2%2Fmedia&parent=239984"}],"wp:term":[{"taxonomy":"category","embeddable":true,"href":"https:\/\/archive.sana.sy\/tr\/index.php?rest_route=%2Fwp%2Fv2%2Fcategories&post=239984"},{"taxonomy":"post_tag","embeddable":true,"href":"https:\/\/archive.sana.sy\/tr\/index.php?rest_route=%2Fwp%2Fv2%2Ftags&post=239984"}],"curies":[{"name":"wp","href":"https:\/\/api.w.org\/{rel}","templated":true}]}}