{"id":240088,"date":"2021-07-27T13:55:27","date_gmt":"2021-07-27T10:55:27","guid":{"rendered":"http:\/\/107.6.182.27\/tr\/?p=240088"},"modified":"2021-07-28T08:08:53","modified_gmt":"2021-07-28T05:08:53","slug":"turk-isgali-ve-kiralik-ceteleri-halep-ve-haseke-kirsalindaki-koylere-yonelik-saldirilari-yeniledi","status":"publish","type":"post","link":"https:\/\/archive.sana.sy\/tr\/?p=240088","title":{"rendered":"T\u00fcrk \u0130\u015fgali ve Kiral\u0131k \u00c7eteleri Halep ve Haseke K\u0131rsal\u0131ndaki K\u00f6ylere Y\u00f6nelik Sald\u0131r\u0131lar\u0131 Yeniledi"},"content":{"rendered":"<p>HALEP\/HASEKE \u2013 \u0130\u015fgalci T\u00fcrk g\u00fc\u00e7leri ve ter\u00f6r \u00f6rgt\u00fclerinden olu\u015fan kiral\u0131k \u00e7eteleri Halep ve Haseke k\u0131rsal\u0131ndaki belde ve k\u00f6ylerine y\u00f6nelik sald\u0131r\u0131lar\u0131n\u0131 yeniledi.<\/p>\n<p>B\u00f6lge kaynaklar\u0131 SANA muhabirine, \u201ci\u015fgalci T\u00fcrk g\u00fc\u00e7lerinin Halep k\u0131rsal\u0131n\u0131n kuzeyindeki Tel Rifaat, Minne\u011f ve Ayn Dakna\u2019n\u0131n etraflar\u0131ndaki sivil yerle\u015fim alanlar\u0131n\u0131 a\u011f\u0131r top\u00e7u at\u0131\u015f le hedef ald\u0131klar\u0131n\u0131 ve bununu sonucunda olay yerlerinde maddi hasarlara yol a\u00e7\u0131ld\u0131\u011f\u0131n\u0131\u201d belirtti.<\/p>\n<p>Haseke k\u0131rsal\u0131ndan yerel kaynaklar ise, Daudiye \u00fcss\u00fcnde konu\u015flanan T\u00fcrk i\u015fgal g\u00fc\u00e7leri ve Atik Hava\u2019da yay\u0131lan kiral\u0131k ter\u00f6ristlerinin Tel Temr B\u00f6lgesindeki Derdara ve Kozeliye k\u00f6ylerinin arazi alanlar\u0131na sald\u0131rd\u0131klar\u0131n\u0131 s\u00f6yledi. Kaynaklar, sald\u0131r\u0131 sonucunda bahsedilen alanlardaki \u00f6zel m\u00fclklerde ve ahalilere ait arazilerinde maddi hasarlar\u0131n meydana geldi\u011fini ekledi.<\/p>\n","protected":false},"excerpt":{"rendered":"<p>HALEP\/HASEKE \u2013 \u0130\u015fgalci T\u00fcrk g\u00fc\u00e7leri ve ter\u00f6r \u00f6rgt\u00fclerinden olu\u015fan kiral\u0131k \u00e7eteleri Halep ve Haseke k\u0131rsal\u0131ndaki belde ve k\u00f6ylerine y\u00f6nelik sald\u0131r\u0131lar\u0131n\u0131 yeniledi. B\u00f6lge kaynaklar\u0131 SANA muhabirine, \u201ci\u015fgalci T\u00fcrk g\u00fc\u00e7lerinin Halep k\u0131rsal\u0131n\u0131n kuzeyindeki Tel Rifaat, Minne\u011f ve Ayn Dakna\u2019n\u0131n etraflar\u0131ndaki sivil yerle\u015fim alanlar\u0131n\u0131 a\u011f\u0131r top\u00e7u at\u0131\u015f le hedef ald\u0131klar\u0131n\u0131 ve bununu sonucunda olay yerlerinde maddi hasarlara yol &hellip;<\/p>\n","protected":false},"author":1,"featured_media":240092,"comment_status":"closed","ping_status":"closed","sticky":false,"template":"","format":"standard","meta":{"footnotes":""},"categories":[479,575,17988,2554,2555,478],"tags":[],"class_list":["post-240088","post","type-post","status-publish","format-standard","has-post-thumbnail","","category-haberler-yerel","category-olaylar-ve-gercekler","category-son-haberler","category-suriye-ve-dunya","category-suriye-ve-turkiye","category-yerel"],"_links":{"self":[{"href":"https:\/\/archive.sana.sy\/tr\/index.php?rest_route=\/wp\/v2\/posts\/240088","targetHints":{"allow":["GET"]}}],"collection":[{"href":"https:\/\/archive.sana.sy\/tr\/index.php?rest_route=\/wp\/v2\/posts"}],"about":[{"href":"https:\/\/archive.sana.sy\/tr\/index.php?rest_route=\/wp\/v2\/types\/post"}],"author":[{"embeddable":true,"href":"https:\/\/archive.sana.sy\/tr\/index.php?rest_route=\/wp\/v2\/users\/1"}],"replies":[{"embeddable":true,"href":"https:\/\/archive.sana.sy\/tr\/index.php?rest_route=%2Fwp%2Fv2%2Fcomments&post=240088"}],"version-history":[{"count":0,"href":"https:\/\/archive.sana.sy\/tr\/index.php?rest_route=\/wp\/v2\/posts\/240088\/revisions"}],"wp:featuredmedia":[{"embeddable":true,"href":"https:\/\/archive.sana.sy\/tr\/index.php?rest_route=\/wp\/v2\/media\/240092"}],"wp:attachment":[{"href":"https:\/\/archive.sana.sy\/tr\/index.php?rest_route=%2Fwp%2Fv2%2Fmedia&parent=240088"}],"wp:term":[{"taxonomy":"category","embeddable":true,"href":"https:\/\/archive.sana.sy\/tr\/index.php?rest_route=%2Fwp%2Fv2%2Fcategories&post=240088"},{"taxonomy":"post_tag","embeddable":true,"href":"https:\/\/archive.sana.sy\/tr\/index.php?rest_route=%2Fwp%2Fv2%2Ftags&post=240088"}],"curies":[{"name":"wp","href":"https:\/\/api.w.org\/{rel}","templated":true}]}}