{"id":240163,"date":"2021-07-28T12:02:58","date_gmt":"2021-07-28T09:02:58","guid":{"rendered":"http:\/\/107.6.182.27\/tr\/?p=240163"},"modified":"2021-07-29T17:31:51","modified_gmt":"2021-07-29T14:31:51","slug":"turk-isgalinin-ilden-icme-suyunu-keserek-sucunu-kinamak-icin-hasekedeki-uluslararasi-kizilhac-komitesi-ofisi-onunde-protesto","status":"publish","type":"post","link":"https:\/\/archive.sana.sy\/tr\/?p=240163","title":{"rendered":"T\u00fcrk i\u015fgalinin \u0130lden \u0130\u00e7me Suyunu Keserek Su\u00e7unu K\u0131namak \u0130\u00e7in Haseke&#8217;deki Uluslararas\u0131 K\u0131z\u0131lha\u00e7 Komitesi Ofisi \u00d6n\u00fcnde Protesto"},"content":{"rendered":"<p>HASEKE \u2013 Haseke ahalisi, ildeki bir milyon vatanda\u015f\u0131n i\u00e7me suyunu keserek T\u00fcrk i\u015fgal g\u00fc\u00e7lerinin su\u00e7unu k\u0131namak i\u00e7in Uluslararas\u0131 K\u0131z\u0131lha\u00e7 Komitesi ofisinin \u00f6n\u00fcnde protesto g\u00f6sterisi d\u00fczenledi.<\/p>\n<div id='gallery-1' class='gallery galleryid-240163 gallery-columns-1 gallery-size-full'><figure class='gallery-item'>\n\t\t\t<div class='gallery-icon landscape'>\n\t\t\t\t<a href='https:\/\/archive.sana.sy\/tr\/wp-content\/uploads\/2021\/07\/hasaka11.jpg'><img loading=\"lazy\" decoding=\"async\" width=\"700\" height=\"439\" src=\"https:\/\/archive.sana.sy\/tr\/wp-content\/uploads\/2021\/07\/hasaka11.jpg\" class=\"attachment-full size-full\" alt=\"\" srcset=\"https:\/\/archive.sana.sy\/tr\/wp-content\/uploads\/2021\/07\/hasaka11.jpg 700w, https:\/\/archive.sana.sy\/tr\/wp-content\/uploads\/2021\/07\/hasaka11-300x188.jpg 300w, https:\/\/archive.sana.sy\/tr\/wp-content\/uploads\/2021\/07\/hasaka11-150x94.jpg 150w\" sizes=\"auto, (max-width: 700px) 100vw, 700px\" \/><\/a>\n\t\t\t<\/div><\/figure><figure class='gallery-item'>\n\t\t\t<div class='gallery-icon landscape'>\n\t\t\t\t<a href='https:\/\/archive.sana.sy\/tr\/wp-content\/uploads\/2021\/07\/hasaka13.jpg'><img loading=\"lazy\" decoding=\"async\" width=\"700\" height=\"464\" src=\"https:\/\/archive.sana.sy\/tr\/wp-content\/uploads\/2021\/07\/hasaka13.jpg\" class=\"attachment-full size-full\" alt=\"\" srcset=\"https:\/\/archive.sana.sy\/tr\/wp-content\/uploads\/2021\/07\/hasaka13.jpg 700w, https:\/\/archive.sana.sy\/tr\/wp-content\/uploads\/2021\/07\/hasaka13-300x199.jpg 300w, https:\/\/archive.sana.sy\/tr\/wp-content\/uploads\/2021\/07\/hasaka13-150x99.jpg 150w, https:\/\/archive.sana.sy\/tr\/wp-content\/uploads\/2021\/07\/hasaka13-310x205.jpg 310w\" sizes=\"auto, (max-width: 700px) 100vw, 700px\" \/><\/a>\n\t\t\t<\/div><\/figure><figure class='gallery-item'>\n\t\t\t<div class='gallery-icon landscape'>\n\t\t\t\t<a href='https:\/\/archive.sana.sy\/tr\/wp-content\/uploads\/2021\/07\/hasaka-14.jpg'><img loading=\"lazy\" decoding=\"async\" width=\"1280\" height=\"704\" src=\"https:\/\/archive.sana.sy\/tr\/wp-content\/uploads\/2021\/07\/hasaka-14.jpg\" class=\"attachment-full size-full\" alt=\"\" srcset=\"https:\/\/archive.sana.sy\/tr\/wp-content\/uploads\/2021\/07\/hasaka-14.jpg 1280w, https:\/\/archive.sana.sy\/tr\/wp-content\/uploads\/2021\/07\/hasaka-14-300x165.jpg 300w, https:\/\/archive.sana.sy\/tr\/wp-content\/uploads\/2021\/07\/hasaka-14-1024x563.jpg 1024w, https:\/\/archive.sana.sy\/tr\/wp-content\/uploads\/2021\/07\/hasaka-14-150x83.jpg 150w, https:\/\/archive.sana.sy\/tr\/wp-content\/uploads\/2021\/07\/hasaka-14-768x422.jpg 768w\" sizes=\"auto, (max-width: 1280px) 100vw, 1280px\" \/><\/a>\n\t\t\t<\/div><\/figure><figure class='gallery-item'>\n\t\t\t<div class='gallery-icon landscape'>\n\t\t\t\t<a href='https:\/\/archive.sana.sy\/tr\/wp-content\/uploads\/2021\/07\/hasaka15.jpg'><img loading=\"lazy\" decoding=\"async\" width=\"700\" height=\"473\" src=\"https:\/\/archive.sana.sy\/tr\/wp-content\/uploads\/2021\/07\/hasaka15.jpg\" class=\"attachment-full size-full\" alt=\"\" srcset=\"https:\/\/archive.sana.sy\/tr\/wp-content\/uploads\/2021\/07\/hasaka15.jpg 700w, https:\/\/archive.sana.sy\/tr\/wp-content\/uploads\/2021\/07\/hasaka15-300x203.jpg 300w, https:\/\/archive.sana.sy\/tr\/wp-content\/uploads\/2021\/07\/hasaka15-150x101.jpg 150w, https:\/\/archive.sana.sy\/tr\/wp-content\/uploads\/2021\/07\/hasaka15-110x75.jpg 110w\" sizes=\"auto, (max-width: 700px) 100vw, 700px\" \/><\/a>\n\t\t\t<\/div><\/figure>\n\t\t<\/div>\n\n<p>&nbsp;<\/p>\n","protected":false},"excerpt":{"rendered":"<p>HASEKE \u2013 Haseke ahalisi, ildeki bir milyon vatanda\u015f\u0131n i\u00e7me suyunu keserek T\u00fcrk i\u015fgal g\u00fc\u00e7lerinin su\u00e7unu k\u0131namak i\u00e7in Uluslararas\u0131 K\u0131z\u0131lha\u00e7 Komitesi ofisinin \u00f6n\u00fcnde protesto g\u00f6sterisi d\u00fczenledi. &nbsp;<\/p>\n","protected":false},"author":36,"featured_media":240168,"comment_status":"closed","ping_status":"closed","sticky":false,"template":"","format":"standard","meta":{"footnotes":""},"categories":[596,479,17988,478],"tags":[],"class_list":["post-240163","post","type-post","status-publish","format-standard","has-post-thumbnail","","category-fotografli-raporlar","category-haberler-yerel","category-son-haberler","category-yerel"],"_links":{"self":[{"href":"https:\/\/archive.sana.sy\/tr\/index.php?rest_route=\/wp\/v2\/posts\/240163","targetHints":{"allow":["GET"]}}],"collection":[{"href":"https:\/\/archive.sana.sy\/tr\/index.php?rest_route=\/wp\/v2\/posts"}],"about":[{"href":"https:\/\/archive.sana.sy\/tr\/index.php?rest_route=\/wp\/v2\/types\/post"}],"author":[{"embeddable":true,"href":"https:\/\/archive.sana.sy\/tr\/index.php?rest_route=\/wp\/v2\/users\/36"}],"replies":[{"embeddable":true,"href":"https:\/\/archive.sana.sy\/tr\/index.php?rest_route=%2Fwp%2Fv2%2Fcomments&post=240163"}],"version-history":[{"count":0,"href":"https:\/\/archive.sana.sy\/tr\/index.php?rest_route=\/wp\/v2\/posts\/240163\/revisions"}],"wp:featuredmedia":[{"embeddable":true,"href":"https:\/\/archive.sana.sy\/tr\/index.php?rest_route=\/wp\/v2\/media\/240168"}],"wp:attachment":[{"href":"https:\/\/archive.sana.sy\/tr\/index.php?rest_route=%2Fwp%2Fv2%2Fmedia&parent=240163"}],"wp:term":[{"taxonomy":"category","embeddable":true,"href":"https:\/\/archive.sana.sy\/tr\/index.php?rest_route=%2Fwp%2Fv2%2Fcategories&post=240163"},{"taxonomy":"post_tag","embeddable":true,"href":"https:\/\/archive.sana.sy\/tr\/index.php?rest_route=%2Fwp%2Fv2%2Ftags&post=240163"}],"curies":[{"name":"wp","href":"https:\/\/api.w.org\/{rel}","templated":true}]}}