{"id":240172,"date":"2021-07-28T12:01:02","date_gmt":"2021-07-28T09:01:02","guid":{"rendered":"http:\/\/107.6.182.27\/tr\/?p=240172"},"modified":"2021-07-29T17:31:48","modified_gmt":"2021-07-29T14:31:48","slug":"idlib-kirsalinda-radikal-teror-gruplarindan-kalma-mayin-patlamasinda-bir-sivil-sehit-ve-birkac-yarali-dustu","status":"publish","type":"post","link":"https:\/\/archive.sana.sy\/tr\/?p=240172","title":{"rendered":"\u0130dlib K\u0131rsal\u0131nda Radikal Ter\u00f6r Gruplar\u0131ndan Kalma May\u0131n Patlamas\u0131nda Bir Sivil \u015eehit ve Birka\u00e7 Yaral\u0131 D\u00fc\u015ft\u00fc"},"content":{"rendered":"<p>\u0130DL\u0130B \u2013 \u0130dlib k\u0131rsal\u0131n\u0131n g\u00fcneyinde radikal ter\u00f6r \u00f6rg\u00fctlerinden kalma may\u0131n patlamas\u0131nda bir sivil vatanda\u015f \u015fehit ve di\u011ferler yaral\u0131 d\u00fc\u015ft\u00fc.<\/p>\n<p>SANA muhabiri, \u0130dlib k\u0131rsal\u0131n\u0131n g\u00fcneyindeki Han \u015eeyhun tar\u0131m arazilerinde \u00e7al\u0131\u015ft\u0131klar\u0131 s\u0131ras\u0131nda bir grup sivillerin may\u0131n patlamas\u0131na maruz kald\u0131klar\u0131n\u0131 ve bunun sonucunda bir vatanda\u015f\u0131n \u015fehit ve di\u011ferlerin yaral\u0131 d\u00fc\u015ft\u00fc\u011f\u00fcn\u00fc belirtti.<\/p>\n<p>P.M.<\/p>\n","protected":false},"excerpt":{"rendered":"<p>\u0130DL\u0130B \u2013 \u0130dlib k\u0131rsal\u0131n\u0131n g\u00fcneyinde radikal ter\u00f6r \u00f6rg\u00fctlerinden kalma may\u0131n patlamas\u0131nda bir sivil vatanda\u015f \u015fehit ve di\u011ferler yaral\u0131 d\u00fc\u015ft\u00fc. SANA muhabiri, \u0130dlib k\u0131rsal\u0131n\u0131n g\u00fcneyindeki Han \u015eeyhun tar\u0131m arazilerinde \u00e7al\u0131\u015ft\u0131klar\u0131 s\u0131ras\u0131nda bir grup sivillerin may\u0131n patlamas\u0131na maruz kald\u0131klar\u0131n\u0131 ve bunun sonucunda bir vatanda\u015f\u0131n \u015fehit ve di\u011ferlerin yaral\u0131 d\u00fc\u015ft\u00fc\u011f\u00fcn\u00fc belirtti. P.M.<\/p>\n","protected":false},"author":1,"featured_media":240186,"comment_status":"closed","ping_status":"closed","sticky":false,"template":"","format":"standard","meta":{"footnotes":""},"categories":[479,575,17988,478],"tags":[],"class_list":["post-240172","post","type-post","status-publish","format-standard","has-post-thumbnail","","category-haberler-yerel","category-olaylar-ve-gercekler","category-son-haberler","category-yerel"],"_links":{"self":[{"href":"https:\/\/archive.sana.sy\/tr\/index.php?rest_route=\/wp\/v2\/posts\/240172","targetHints":{"allow":["GET"]}}],"collection":[{"href":"https:\/\/archive.sana.sy\/tr\/index.php?rest_route=\/wp\/v2\/posts"}],"about":[{"href":"https:\/\/archive.sana.sy\/tr\/index.php?rest_route=\/wp\/v2\/types\/post"}],"author":[{"embeddable":true,"href":"https:\/\/archive.sana.sy\/tr\/index.php?rest_route=\/wp\/v2\/users\/1"}],"replies":[{"embeddable":true,"href":"https:\/\/archive.sana.sy\/tr\/index.php?rest_route=%2Fwp%2Fv2%2Fcomments&post=240172"}],"version-history":[{"count":0,"href":"https:\/\/archive.sana.sy\/tr\/index.php?rest_route=\/wp\/v2\/posts\/240172\/revisions"}],"wp:featuredmedia":[{"embeddable":true,"href":"https:\/\/archive.sana.sy\/tr\/index.php?rest_route=\/wp\/v2\/media\/240186"}],"wp:attachment":[{"href":"https:\/\/archive.sana.sy\/tr\/index.php?rest_route=%2Fwp%2Fv2%2Fmedia&parent=240172"}],"wp:term":[{"taxonomy":"category","embeddable":true,"href":"https:\/\/archive.sana.sy\/tr\/index.php?rest_route=%2Fwp%2Fv2%2Fcategories&post=240172"},{"taxonomy":"post_tag","embeddable":true,"href":"https:\/\/archive.sana.sy\/tr\/index.php?rest_route=%2Fwp%2Fv2%2Ftags&post=240172"}],"curies":[{"name":"wp","href":"https:\/\/api.w.org\/{rel}","templated":true}]}}