{"id":240223,"date":"2021-07-29T17:30:42","date_gmt":"2021-07-29T14:30:42","guid":{"rendered":"http:\/\/107.6.182.27\/tr\/?p=240223"},"modified":"2021-07-31T13:54:55","modified_gmt":"2021-07-31T10:54:55","slug":"bakanlar-kurulu-haftalik-oturumunda-kucuk-ve-orta-olcekli-isletmelerin-calisma-programinin-destek-saglamasina-odaklandi","status":"publish","type":"post","link":"https:\/\/archive.sana.sy\/tr\/?p=240223","title":{"rendered":"Bakanlar Kurulu Haftal\u0131k Oturumunda K\u00fc\u00e7\u00fck ve Orta \u00d6l\u00e7ekli \u0130\u015fletmelerin \u00c7al\u0131\u015fma Program\u0131n\u0131n Destek Sa\u011flamas\u0131na Odakland\u0131"},"content":{"rendered":"<p>\u015eAM \u2013 Ge\u00e7ici H\u00fck\u00fcmet Ba\u015fbakan\u0131 Hussein Arnus, zorluklar\u0131n \u00fcstesinden gelmek i\u00e7in t\u00fcm pratik tedbirlerin al\u0131nmas\u0131n\u0131 takip etmek ve kolayla\u015ft\u0131r\u0131c\u0131 bir ortam yaratmak amac\u0131yla k\u00fc\u00e7\u00fck ve orta \u00f6l\u00e7ekli i\u015fletmelerin dosyas\u0131n\u0131n y\u00f6netimiyle ilgili bakanl\u0131klar ve makamlar\u0131n niteliksel bir toplant\u0131s\u0131na ba\u015fkanl\u0131k etti.<\/p>\n<p>Oturum s\u0131ras\u0131nda Ba\u015fbakan, kalk\u0131nma planlar\u0131n\u0131n ger\u00e7ekle\u015ftirilmesine kat\u0131lmak i\u00e7in ger\u00e7ek bir f\u0131rsat olu\u015fturdu\u011fundan, h\u00fck\u00fcmetin k\u00fc\u00e7\u00fck ve orta \u00f6l\u00e7ekli i\u015fletmelerin \u00e7al\u0131\u015fma program\u0131na ger\u00e7ek destek sa\u011flama konusundaki \u0131srar\u0131n\u0131 vurgulad\u0131. Arnus, bu hayati sekt\u00f6rdeki t\u00fcm payda\u015flar\u0131n rollerini b\u00fct\u00fcnle\u015ftirmenin ve k\u00fc\u00e7\u00fck ve orta \u00f6l\u00e7ekli projelerin bu projelerin s\u00fcrd\u00fcr\u00fclebilirli\u011fini ve istikrar\u0131n\u0131 ve onlar i\u00e7in gerekli hizmetlerin sa\u011flanmas\u0131n\u0131 sa\u011flayacak \u015fekilde kurulmas\u0131 i\u00e7in uygun yerin g\u00fcvence alt\u0131na al\u0131nmas\u0131 gerekti\u011finin alt\u0131n\u0131 \u00e7izdi.<\/p>\n<p>Toplant\u0131 s\u0131ras\u0131nda, hem yat\u0131r\u0131m k\u00fclt\u00fcr\u00fcn\u00fcn te\u015fvik edilmesi, proje olu\u015fturulmas\u0131, \u00fcr\u00fcnlerin iyi pazarlanmas\u0131n\u0131n y\u00f6netilmesi, \u00f6nceliklerin belirlenmesi hem de prosed\u00fcrlerin kolayla\u015ft\u0131r\u0131lmas\u0131 ve basitle\u015ftirilmesi a\u00e7\u0131s\u0131ndan ilgili makamlar\u0131n sekt\u00f6r\u00fc y\u00f6netmesi i\u00e7in net bir metodolojiye ihtiya\u00e7 oldu\u011fu da vurguland\u0131.<\/p>\n<p>Ge\u00e7ici H\u00fck\u00fcmette Ekonomi ve D\u0131\u015f Ticaret Bakan\u0131 Muhammed Samer el Halil, il d\u00fczeyinde da\u011f\u0131t\u0131lan bir dizi k\u00fc\u00e7\u00fck ve orta \u00f6l\u00e7ekli i\u015fletmenin nicel, nitel ve sekt\u00f6rel s\u0131n\u0131fland\u0131rmas\u0131n\u0131 i\u00e7eren ayr\u0131nt\u0131l\u0131 bir sunum yapt\u0131.<\/p>\n<p>Toplant\u0131n\u0131n sonunda, Suriye Ticaret Bankas\u0131&#8217;n\u0131n \u00f6n\u00fcm\u00fczdeki hafta k\u00fc\u00e7\u00fck ve orta \u00f6l\u00e7ekli i\u015fletmeler i\u00e7in bir dizi \u00f6ncelikli sekt\u00f6r\u00fc kapsayan nitelikli bir finansman program\u0131 ba\u015flatmas\u0131 i\u00e7in g\u00f6revlendirilmesine karar verildi. Program, \u201cYenilenebilir enerjiler, s\u00fct fabrikalar\u0131, peynir, yem, zeytin de\u011firmenleri, ah\u015fap, al\u00fcminyum, plastik, boru, ayakkab\u0131, haz\u0131r giyim, elektrik, elektronik ve el sanatlar\u0131 end\u00fcstrileri, tar\u0131m \u00fcr\u00fcnleri, paketleme ve paketleme\u201d projelerinin finansman\u0131 i\u00e7eriyor.<\/p>\n<p>P.M.<\/p>\n<div id='gallery-1' class='gallery galleryid-240223 gallery-columns-1 gallery-size-full'><figure class='gallery-item'>\n\t\t\t<div class='gallery-icon landscape'>\n\t\t\t\t<a href='https:\/\/archive.sana.sy\/tr\/wp-content\/uploads\/2021\/07\/DSC_6252-scaled.jpg'><img loading=\"lazy\" decoding=\"async\" width=\"2560\" height=\"1479\" src=\"https:\/\/archive.sana.sy\/tr\/wp-content\/uploads\/2021\/07\/DSC_6252-scaled.jpg\" class=\"attachment-full size-full\" alt=\"\" srcset=\"https:\/\/archive.sana.sy\/tr\/wp-content\/uploads\/2021\/07\/DSC_6252-scaled.jpg 2560w, https:\/\/archive.sana.sy\/tr\/wp-content\/uploads\/2021\/07\/DSC_6252-300x173.jpg 300w, https:\/\/archive.sana.sy\/tr\/wp-content\/uploads\/2021\/07\/DSC_6252-1024x592.jpg 1024w, https:\/\/archive.sana.sy\/tr\/wp-content\/uploads\/2021\/07\/DSC_6252-150x87.jpg 150w, https:\/\/archive.sana.sy\/tr\/wp-content\/uploads\/2021\/07\/DSC_6252-768x444.jpg 768w, https:\/\/archive.sana.sy\/tr\/wp-content\/uploads\/2021\/07\/DSC_6252-1536x887.jpg 1536w, https:\/\/archive.sana.sy\/tr\/wp-content\/uploads\/2021\/07\/DSC_6252-2048x1183.jpg 2048w\" sizes=\"auto, (max-width: 2560px) 100vw, 2560px\" \/><\/a>\n\t\t\t<\/div><\/figure><figure class='gallery-item'>\n\t\t\t<div class='gallery-icon landscape'>\n\t\t\t\t<a href='https:\/\/archive.sana.sy\/tr\/wp-content\/uploads\/2021\/07\/DSC_6280-scaled.jpg'><img loading=\"lazy\" decoding=\"async\" width=\"2560\" height=\"1538\" src=\"https:\/\/archive.sana.sy\/tr\/wp-content\/uploads\/2021\/07\/DSC_6280-scaled.jpg\" class=\"attachment-full size-full\" alt=\"\" srcset=\"https:\/\/archive.sana.sy\/tr\/wp-content\/uploads\/2021\/07\/DSC_6280-scaled.jpg 2560w, https:\/\/archive.sana.sy\/tr\/wp-content\/uploads\/2021\/07\/DSC_6280-300x180.jpg 300w, https:\/\/archive.sana.sy\/tr\/wp-content\/uploads\/2021\/07\/DSC_6280-1024x615.jpg 1024w, https:\/\/archive.sana.sy\/tr\/wp-content\/uploads\/2021\/07\/DSC_6280-150x90.jpg 150w, https:\/\/archive.sana.sy\/tr\/wp-content\/uploads\/2021\/07\/DSC_6280-768x461.jpg 768w, https:\/\/archive.sana.sy\/tr\/wp-content\/uploads\/2021\/07\/DSC_6280-1536x923.jpg 1536w, https:\/\/archive.sana.sy\/tr\/wp-content\/uploads\/2021\/07\/DSC_6280-2048x1230.jpg 2048w\" sizes=\"auto, (max-width: 2560px) 100vw, 2560px\" \/><\/a>\n\t\t\t<\/div><\/figure><figure class='gallery-item'>\n\t\t\t<div class='gallery-icon landscape'>\n\t\t\t\t<a href='https:\/\/archive.sana.sy\/tr\/wp-content\/uploads\/2021\/07\/DSC_6382-scaled.jpg'><img loading=\"lazy\" decoding=\"async\" width=\"2560\" height=\"1362\" src=\"https:\/\/archive.sana.sy\/tr\/wp-content\/uploads\/2021\/07\/DSC_6382-scaled.jpg\" class=\"attachment-full size-full\" alt=\"\" srcset=\"https:\/\/archive.sana.sy\/tr\/wp-content\/uploads\/2021\/07\/DSC_6382-scaled.jpg 2560w, https:\/\/archive.sana.sy\/tr\/wp-content\/uploads\/2021\/07\/DSC_6382-300x160.jpg 300w, https:\/\/archive.sana.sy\/tr\/wp-content\/uploads\/2021\/07\/DSC_6382-1024x545.jpg 1024w, https:\/\/archive.sana.sy\/tr\/wp-content\/uploads\/2021\/07\/DSC_6382-150x80.jpg 150w, https:\/\/archive.sana.sy\/tr\/wp-content\/uploads\/2021\/07\/DSC_6382-768x409.jpg 768w, https:\/\/archive.sana.sy\/tr\/wp-content\/uploads\/2021\/07\/DSC_6382-1536x817.jpg 1536w, https:\/\/archive.sana.sy\/tr\/wp-content\/uploads\/2021\/07\/DSC_6382-2048x1090.jpg 2048w, https:\/\/archive.sana.sy\/tr\/wp-content\/uploads\/2021\/07\/DSC_6382-310x165.jpg 310w\" sizes=\"auto, (max-width: 2560px) 100vw, 2560px\" \/><\/a>\n\t\t\t<\/div><\/figure>\n\t\t<\/div>\n\n","protected":false},"excerpt":{"rendered":"<p>\u015eAM \u2013 Ge\u00e7ici H\u00fck\u00fcmet Ba\u015fbakan\u0131 Hussein Arnus, zorluklar\u0131n \u00fcstesinden gelmek i\u00e7in t\u00fcm pratik tedbirlerin al\u0131nmas\u0131n\u0131 takip etmek ve kolayla\u015ft\u0131r\u0131c\u0131 bir ortam yaratmak amac\u0131yla k\u00fc\u00e7\u00fck ve orta \u00f6l\u00e7ekli i\u015fletmelerin dosyas\u0131n\u0131n y\u00f6netimiyle ilgili bakanl\u0131klar ve makamlar\u0131n niteliksel bir toplant\u0131s\u0131na ba\u015fkanl\u0131k etti. Oturum s\u0131ras\u0131nda Ba\u015fbakan, kalk\u0131nma planlar\u0131n\u0131n ger\u00e7ekle\u015ftirilmesine kat\u0131lmak i\u00e7in ger\u00e7ek bir f\u0131rsat olu\u015fturdu\u011fundan, h\u00fck\u00fcmetin k\u00fc\u00e7\u00fck ve orta &hellip;<\/p>\n","protected":false},"author":1,"featured_media":240227,"comment_status":"closed","ping_status":"closed","sticky":false,"template":"","format":"standard","meta":{"footnotes":""},"categories":[485,596,486,479,17988,478],"tags":[],"class_list":["post-240223","post","type-post","status-publish","format-standard","has-post-thumbnail","","category-is-ve-sermaye","category-fotografli-raporlar","category-haberler-is-ve-sermaye","category-haberler-yerel","category-son-haberler","category-yerel"],"_links":{"self":[{"href":"https:\/\/archive.sana.sy\/tr\/index.php?rest_route=\/wp\/v2\/posts\/240223","targetHints":{"allow":["GET"]}}],"collection":[{"href":"https:\/\/archive.sana.sy\/tr\/index.php?rest_route=\/wp\/v2\/posts"}],"about":[{"href":"https:\/\/archive.sana.sy\/tr\/index.php?rest_route=\/wp\/v2\/types\/post"}],"author":[{"embeddable":true,"href":"https:\/\/archive.sana.sy\/tr\/index.php?rest_route=\/wp\/v2\/users\/1"}],"replies":[{"embeddable":true,"href":"https:\/\/archive.sana.sy\/tr\/index.php?rest_route=%2Fwp%2Fv2%2Fcomments&post=240223"}],"version-history":[{"count":0,"href":"https:\/\/archive.sana.sy\/tr\/index.php?rest_route=\/wp\/v2\/posts\/240223\/revisions"}],"wp:featuredmedia":[{"embeddable":true,"href":"https:\/\/archive.sana.sy\/tr\/index.php?rest_route=\/wp\/v2\/media\/240227"}],"wp:attachment":[{"href":"https:\/\/archive.sana.sy\/tr\/index.php?rest_route=%2Fwp%2Fv2%2Fmedia&parent=240223"}],"wp:term":[{"taxonomy":"category","embeddable":true,"href":"https:\/\/archive.sana.sy\/tr\/index.php?rest_route=%2Fwp%2Fv2%2Fcategories&post=240223"},{"taxonomy":"post_tag","embeddable":true,"href":"https:\/\/archive.sana.sy\/tr\/index.php?rest_route=%2Fwp%2Fv2%2Ftags&post=240223"}],"curies":[{"name":"wp","href":"https:\/\/api.w.org\/{rel}","templated":true}]}}