{"id":240287,"date":"2021-07-30T11:27:19","date_gmt":"2021-07-30T08:27:19","guid":{"rendered":"http:\/\/107.6.182.27\/tr\/?p=240287"},"modified":"2021-07-31T15:34:58","modified_gmt":"2021-07-31T12:34:58","slug":"cumhurbaskani-esad-adina-tebrikler-sundu-suriyenin-karakas-buyukelcisi-perunun-secilmis-baskaninin-goreve-baslama-torenine-katildi","status":"publish","type":"post","link":"https:\/\/archive.sana.sy\/tr\/?p=240287","title":{"rendered":"Cumhurba\u015fkan\u0131 Esad Ad\u0131na Tebrikler Sundu.. Suriye&#8217;nin Karakas B\u00fcy\u00fckel\u00e7isi Peru&#8217;nun Se\u00e7ilmi\u015f Ba\u015fkan\u0131n\u0131n G\u00f6reve Ba\u015flama T\u00f6renine Kat\u0131ld\u0131"},"content":{"rendered":"<p style=\"text-align: justify;\">L\u0130MA &#8211; Cumhurba\u015fkan\u0131 Be\u015f\u015far Esad ve Suriye Arap Cumhuriyeti H\u00fck\u00fcmeti ad\u0131na, Suriye&#8217;nin Karakas B\u00fcy\u00fckel\u00e7isi Halil Bitar, g\u00f6reve ba\u015flama t\u00f6reninde se\u00e7ilen Peru Devlet Ba\u015fkan\u0131 Pedro Castillo&#8217;yu tebrik etti.<\/p>\n<p style=\"text-align: justify;\">Peru Cumhuriyeti Cumhurba\u015fkanl\u0131\u011f\u0131&#8217;n\u0131n ev sahipli\u011finde d\u00fczenlenen resmi resepsiyona kat\u0131ld\u0131\u011f\u0131 s\u0131rada B\u00fcy\u00fckel\u00e7i Bitar, kat\u0131lan heyetlere Suriye liderli\u011finin Ba\u015fkan Castillo&#8217;ya ba\u015far\u0131 ve \u00fclkesinin daha fazla ilerleme ve refah i\u00e7in dileklerini iletti.<\/p>\n<p style=\"text-align: justify;\">Kendi y\u00f6n\u00fcnden Cumhurba\u015fkan\u0131 Castillo, Suriye Arap Cumhuriyeti h\u00fck\u00fcmetine, daveti kabul etti\u011fi ve \u00fclkesindeki en y\u00fcksek otoriteyi devretme t\u00f6ren ve merasimine kat\u0131ld\u0131\u011f\u0131 i\u00e7in te\u015fekk\u00fcr ederek Suriye halk\u0131na bar\u0131\u015f i\u00e7erisinde ilerleme dileklerini iletti.<\/p>\n","protected":false},"excerpt":{"rendered":"<p>L\u0130MA &#8211; Cumhurba\u015fkan\u0131 Be\u015f\u015far Esad ve Suriye Arap Cumhuriyeti H\u00fck\u00fcmeti ad\u0131na, Suriye&#8217;nin Karakas B\u00fcy\u00fckel\u00e7isi Halil Bitar, g\u00f6reve ba\u015flama t\u00f6reninde se\u00e7ilen Peru Devlet Ba\u015fkan\u0131 Pedro Castillo&#8217;yu tebrik etti. Peru Cumhuriyeti Cumhurba\u015fkanl\u0131\u011f\u0131&#8217;n\u0131n ev sahipli\u011finde d\u00fczenlenen resmi resepsiyona kat\u0131ld\u0131\u011f\u0131 s\u0131rada B\u00fcy\u00fckel\u00e7i Bitar, kat\u0131lan heyetlere Suriye liderli\u011finin Ba\u015fkan Castillo&#8217;ya ba\u015far\u0131 ve \u00fclkesinin daha fazla ilerleme ve refah i\u00e7in dileklerini &hellip;<\/p>\n","protected":false},"author":1,"featured_media":240288,"comment_status":"closed","ping_status":"closed","sticky":false,"template":"","format":"standard","meta":{"footnotes":""},"categories":[458,459,17988],"tags":[],"class_list":["post-240287","post","type-post","status-publish","format-standard","has-post-thumbnail","","category-dunya1","category-haberler-arap-uluslararasi-politika","category-son-haberler"],"_links":{"self":[{"href":"https:\/\/archive.sana.sy\/tr\/index.php?rest_route=\/wp\/v2\/posts\/240287","targetHints":{"allow":["GET"]}}],"collection":[{"href":"https:\/\/archive.sana.sy\/tr\/index.php?rest_route=\/wp\/v2\/posts"}],"about":[{"href":"https:\/\/archive.sana.sy\/tr\/index.php?rest_route=\/wp\/v2\/types\/post"}],"author":[{"embeddable":true,"href":"https:\/\/archive.sana.sy\/tr\/index.php?rest_route=\/wp\/v2\/users\/1"}],"replies":[{"embeddable":true,"href":"https:\/\/archive.sana.sy\/tr\/index.php?rest_route=%2Fwp%2Fv2%2Fcomments&post=240287"}],"version-history":[{"count":0,"href":"https:\/\/archive.sana.sy\/tr\/index.php?rest_route=\/wp\/v2\/posts\/240287\/revisions"}],"wp:featuredmedia":[{"embeddable":true,"href":"https:\/\/archive.sana.sy\/tr\/index.php?rest_route=\/wp\/v2\/media\/240288"}],"wp:attachment":[{"href":"https:\/\/archive.sana.sy\/tr\/index.php?rest_route=%2Fwp%2Fv2%2Fmedia&parent=240287"}],"wp:term":[{"taxonomy":"category","embeddable":true,"href":"https:\/\/archive.sana.sy\/tr\/index.php?rest_route=%2Fwp%2Fv2%2Fcategories&post=240287"},{"taxonomy":"post_tag","embeddable":true,"href":"https:\/\/archive.sana.sy\/tr\/index.php?rest_route=%2Fwp%2Fv2%2Ftags&post=240287"}],"curies":[{"name":"wp","href":"https:\/\/api.w.org\/{rel}","templated":true}]}}