{"id":240457,"date":"2021-08-03T12:05:03","date_gmt":"2021-08-03T09:05:03","guid":{"rendered":"http:\/\/107.6.182.27\/tr\/?p=240457"},"modified":"2021-08-04T08:07:54","modified_gmt":"2021-08-04T05:07:54","slug":"eski-sam-kentindeki-el-cakmakiyye-medresesindeki-memlukluler-mihrabinin-restorasyonu","status":"publish","type":"post","link":"https:\/\/archive.sana.sy\/tr\/?p=240457","title":{"rendered":"Eski \u015eam Kentindeki El Cakmakiyye Medresesindeki Meml\u00fckl\u00fcler Mihrab\u0131n\u0131n Restorasyonu"},"content":{"rendered":"<p>\u015eAM &#8211; Eski Eserler ve M\u00fczeler Genel M\u00fcd\u00fcrl\u00fc\u011f\u00fc&#8217;ne ba\u011fl\u0131 &#8220;Duvar \u00a0Resimleri Restorasyonu&#8221; laboratuvar\u0131, orijinalli\u011fini ve sahip oldu\u011fu arkeolojik, tarihi ve kentsel stat\u00fcs\u00fcn\u00fc korumak hedefiyle renkli kakma mermer plakalardan yap\u0131lm\u0131\u015f t\u00fcm mihrap s\u00fcslemelerini bir arada toplayan olarak kabul edilen El Cakmakiyye Medresesi&#8217;nin Meml\u00fckl\u00fcler mihrab\u0131n\u0131n restorasyonunu tamamlad\u0131.<\/p>\n<p><a href=\"http:\/\/107.6.182.27\/tr\/wp-content\/uploads\/2021\/08\/photo_2021-08-03_13-59-49.jpg\"><img loading=\"lazy\" decoding=\"async\" class=\"alignright size-medium wp-image-240459\" src=\"http:\/\/107.6.182.27\/tr\/wp-content\/uploads\/2021\/08\/photo_2021-08-03_13-59-49-225x300.jpg\" alt=\"\" width=\"225\" height=\"300\" srcset=\"https:\/\/archive.sana.sy\/tr\/wp-content\/uploads\/2021\/08\/photo_2021-08-03_13-59-49-225x300.jpg 225w, https:\/\/archive.sana.sy\/tr\/wp-content\/uploads\/2021\/08\/photo_2021-08-03_13-59-49-768x1024.jpg 768w, https:\/\/archive.sana.sy\/tr\/wp-content\/uploads\/2021\/08\/photo_2021-08-03_13-59-49-113x150.jpg 113w, https:\/\/archive.sana.sy\/tr\/wp-content\/uploads\/2021\/08\/photo_2021-08-03_13-59-49.jpg 960w\" sizes=\"auto, (max-width: 225px) 100vw, 225px\" \/><\/a>Restorasyon \u00e7al\u0131\u015fmas\u0131, daha \u00f6nce alt\u0131n varakla s\u00fcslenmi\u015f s\u00fctun ba\u015fl\u0131klar\u0131 ve mermer par\u00e7alarda kabuklar\u0131n kayboldu\u011fu yerleri dolduran mihraptaki kirlerin ve s\u00fctunlar\u0131n\u0131n k\u0131s\u0131mlar\u0131nda \u00f6nceki onar\u0131m i\u015flemlerinden kalan renk ve \u00e7imento lekelerinin temizlenmesi ve giderilmesi, yaz\u0131lar\u0131n renkli f\u0131rf\u0131rlar\u0131 ile pullu ve eksik k\u0131s\u0131mlar\u0131n\u0131n tak\u0131lmas\u0131 ve indirilmesini i\u00e7erdi.<\/p>\n<p>Laboratuar, okul duvarlar\u0131nda rutubetten dolay\u0131 hasar g\u00f6ren duvar resimlerinden baz\u0131lar\u0131n\u0131 restore ederek, bo\u015fluklar\u0131 doldurdu, benzer bir zemin ekleyerek, boyalar \u00a0indirip \u00fczerlerine takt\u0131, montaja ek olarak koruyucu bir tabaka uygulamas\u0131 ile sonland\u0131rd\u0131. Ayr\u0131ca kire\u00e7 tabakas\u0131n\u0131n ta\u015f\u0131y\u0131c\u0131 duvardan ayr\u0131lmas\u0131ndan muzdarip ba\u015fka bir tabloyu da restore etti.<\/p>\n<p>Yap\u0131m tarihi H. 7. y\u00fczy\u0131la kadar uzanmakta olan El Cakmakiyye medresesinin ortas\u0131nda yer alan mihrap s\u00fcslemeleri ve mozaikleriyle \u015eam&#8217;\u0131n en g\u00fczel ve \u00f6nemli mihraplar\u0131ndan biri olarak kabul edilir.<\/p>\n<p>Seyfeddin Cakmak al Argan\u015favi taraf\u0131ndan MS. 1421 y\u0131l\u0131nda yapt\u0131r\u0131lan El Cakmakiyye Medresesi, Emevi Camii&#8217;nin kuzey kap\u0131s\u0131nda yer almas\u0131 dikkat \u00e7ekicidir. Kur&#8217;an-\u0131 Kerim, Arap\u00e7a hat ve \u00e7e\u015fitli ilimleri \u00f6\u011fretmekle ilgilendi. Meml\u00fckl\u00fcler d\u00f6neminden mimarl\u0131k, dekorasyon ve in\u015faat m\u00fchendisli\u011fi sanat\u0131 ile me\u015fhur oldu. Frans\u0131z i\u015fgalinin \u015eam&#8217;\u0131 bombalamas\u0131 s\u0131ras\u0131nda \u00e7\u00f6k\u00fcnt\u00fcye maruz kald\u0131. Ge\u00e7en y\u00fczy\u0131lda birka\u00e7 kez restore edilmi\u015f ve 1978&#8217;den beri Arap hat sanat\u0131 ve bu sanatla ilgili ke\u015fifler m\u00fczesine d\u00f6n\u00fc\u015ft\u00fcr\u00fclm\u00fc\u015ft\u00fcr.<\/p>\n<p>S.\u015e.<\/p>\n<div id='gallery-1' class='gallery galleryid-240457 gallery-columns-1 gallery-size-full'><figure class='gallery-item'>\n\t\t\t<div class='gallery-icon landscape'>\n\t\t\t\t<a href='https:\/\/archive.sana.sy\/tr\/wp-content\/uploads\/2021\/08\/photo_2021-08-03_13-59-52.jpg'><img loading=\"lazy\" decoding=\"async\" width=\"1274\" height=\"956\" src=\"https:\/\/archive.sana.sy\/tr\/wp-content\/uploads\/2021\/08\/photo_2021-08-03_13-59-52.jpg\" class=\"attachment-full size-full\" alt=\"\" srcset=\"https:\/\/archive.sana.sy\/tr\/wp-content\/uploads\/2021\/08\/photo_2021-08-03_13-59-52.jpg 1274w, https:\/\/archive.sana.sy\/tr\/wp-content\/uploads\/2021\/08\/photo_2021-08-03_13-59-52-300x225.jpg 300w, https:\/\/archive.sana.sy\/tr\/wp-content\/uploads\/2021\/08\/photo_2021-08-03_13-59-52-1024x768.jpg 1024w, https:\/\/archive.sana.sy\/tr\/wp-content\/uploads\/2021\/08\/photo_2021-08-03_13-59-52-150x113.jpg 150w, https:\/\/archive.sana.sy\/tr\/wp-content\/uploads\/2021\/08\/photo_2021-08-03_13-59-52-768x576.jpg 768w\" sizes=\"auto, (max-width: 1274px) 100vw, 1274px\" \/><\/a>\n\t\t\t<\/div><\/figure><figure class='gallery-item'>\n\t\t\t<div class='gallery-icon landscape'>\n\t\t\t\t<a href='https:\/\/archive.sana.sy\/tr\/wp-content\/uploads\/2021\/08\/photo_2021-08-03_13-59-53.jpg'><img loading=\"lazy\" decoding=\"async\" width=\"1196\" height=\"832\" src=\"https:\/\/archive.sana.sy\/tr\/wp-content\/uploads\/2021\/08\/photo_2021-08-03_13-59-53.jpg\" class=\"attachment-full size-full\" alt=\"\" srcset=\"https:\/\/archive.sana.sy\/tr\/wp-content\/uploads\/2021\/08\/photo_2021-08-03_13-59-53.jpg 1196w, https:\/\/archive.sana.sy\/tr\/wp-content\/uploads\/2021\/08\/photo_2021-08-03_13-59-53-300x209.jpg 300w, https:\/\/archive.sana.sy\/tr\/wp-content\/uploads\/2021\/08\/photo_2021-08-03_13-59-53-1024x712.jpg 1024w, https:\/\/archive.sana.sy\/tr\/wp-content\/uploads\/2021\/08\/photo_2021-08-03_13-59-53-150x104.jpg 150w, https:\/\/archive.sana.sy\/tr\/wp-content\/uploads\/2021\/08\/photo_2021-08-03_13-59-53-768x534.jpg 768w\" sizes=\"auto, (max-width: 1196px) 100vw, 1196px\" \/><\/a>\n\t\t\t<\/div><\/figure>\n\t\t<\/div>\n\n","protected":false},"excerpt":{"rendered":"<p>\u015eAM &#8211; Eski Eserler ve M\u00fczeler Genel M\u00fcd\u00fcrl\u00fc\u011f\u00fc&#8217;ne ba\u011fl\u0131 &#8220;Duvar \u00a0Resimleri Restorasyonu&#8221; laboratuvar\u0131, orijinalli\u011fini ve sahip oldu\u011fu arkeolojik, tarihi ve kentsel stat\u00fcs\u00fcn\u00fc korumak hedefiyle renkli kakma mermer plakalardan yap\u0131lm\u0131\u015f t\u00fcm mihrap s\u00fcslemelerini bir arada toplayan olarak kabul edilen El Cakmakiyye Medresesi&#8217;nin Meml\u00fckl\u00fcler mihrab\u0131n\u0131n restorasyonunu tamamlad\u0131. Restorasyon \u00e7al\u0131\u015fmas\u0131, daha \u00f6nce alt\u0131n varakla s\u00fcslenmi\u015f s\u00fctun ba\u015fl\u0131klar\u0131 ve &hellip;<\/p>\n","protected":false},"author":1,"featured_media":240458,"comment_status":"closed","ping_status":"closed","sticky":false,"template":"","format":"standard","meta":{"footnotes":""},"categories":[596,516,479,511,17988,478],"tags":[],"class_list":["post-240457","post","type-post","status-publish","format-standard","has-post-thumbnail","","category-fotografli-raporlar","category-haberler-kultur-ve-sanat","category-haberler-yerel","category-kultur-ve-sanat","category-son-haberler","category-yerel"],"_links":{"self":[{"href":"https:\/\/archive.sana.sy\/tr\/index.php?rest_route=\/wp\/v2\/posts\/240457","targetHints":{"allow":["GET"]}}],"collection":[{"href":"https:\/\/archive.sana.sy\/tr\/index.php?rest_route=\/wp\/v2\/posts"}],"about":[{"href":"https:\/\/archive.sana.sy\/tr\/index.php?rest_route=\/wp\/v2\/types\/post"}],"author":[{"embeddable":true,"href":"https:\/\/archive.sana.sy\/tr\/index.php?rest_route=\/wp\/v2\/users\/1"}],"replies":[{"embeddable":true,"href":"https:\/\/archive.sana.sy\/tr\/index.php?rest_route=%2Fwp%2Fv2%2Fcomments&post=240457"}],"version-history":[{"count":0,"href":"https:\/\/archive.sana.sy\/tr\/index.php?rest_route=\/wp\/v2\/posts\/240457\/revisions"}],"wp:featuredmedia":[{"embeddable":true,"href":"https:\/\/archive.sana.sy\/tr\/index.php?rest_route=\/wp\/v2\/media\/240458"}],"wp:attachment":[{"href":"https:\/\/archive.sana.sy\/tr\/index.php?rest_route=%2Fwp%2Fv2%2Fmedia&parent=240457"}],"wp:term":[{"taxonomy":"category","embeddable":true,"href":"https:\/\/archive.sana.sy\/tr\/index.php?rest_route=%2Fwp%2Fv2%2Fcategories&post=240457"},{"taxonomy":"post_tag","embeddable":true,"href":"https:\/\/archive.sana.sy\/tr\/index.php?rest_route=%2Fwp%2Fv2%2Ftags&post=240457"}],"curies":[{"name":"wp","href":"https:\/\/api.w.org\/{rel}","templated":true}]}}