{"id":240696,"date":"2021-08-07T11:34:49","date_gmt":"2021-08-07T08:34:49","guid":{"rendered":"http:\/\/www.sana.sy\/tr\/?p=240696"},"modified":"2021-08-08T08:55:16","modified_gmt":"2021-08-08T05:55:16","slug":"haseke-kirsalinda-dsg-milislerinden-2-silahli-yaralandi","status":"publish","type":"post","link":"https:\/\/archive.sana.sy\/tr\/?p=240696","title":{"rendered":"Haseke K\u0131rsal\u0131nda DSG Milislerinden 2 Silahl\u0131 Yaraland\u0131"},"content":{"rendered":"<p>HASEKE \u2013 Haseke k\u0131rsal\u0131nda Tel Hamis-Tel Brak yolunda, Amerikan i\u015fgal g\u00fc\u00e7lerine tabi SDG milislerine mensup biri lider olmak \u00fczere iki silahl\u0131 vurularak yaraland\u0131.<\/p>\n<p>Yerel kaynaklar SANA&#8217;ya, Hasaka k\u0131rsal\u0131nda Tel Hamis-Tel Brak yolunda, &#8220;DSG&#8221; milislerine ba\u011fl\u0131 s\u00f6zde &#8220;Kamu G\u00fcvenlik Te\u015fkilat\u0131&#8221; komutan\u0131 ve eskortlar\u0131n\u0131 ta\u015f\u0131yan bir araca, pop\u00fcler gruplar taraf\u0131ndan makineli t\u00fcfeklerle sald\u0131r\u0131 d\u00fczenlendi\u011fini belirtti.<\/p>\n<p>Kaynaklar, s\u00f6z konusu sad\u0131r\u0131lar\u0131n sonucunda, 2 silahl\u0131n\u0131n ciddi \u015fekilde yaraland\u0131klar\u0131na i\u015faret etti.<\/p>\n","protected":false},"excerpt":{"rendered":"<p>HASEKE \u2013 Haseke k\u0131rsal\u0131nda Tel Hamis-Tel Brak yolunda, Amerikan i\u015fgal g\u00fc\u00e7lerine tabi SDG milislerine mensup biri lider olmak \u00fczere iki silahl\u0131 vurularak yaraland\u0131. Yerel kaynaklar SANA&#8217;ya, Hasaka k\u0131rsal\u0131nda Tel Hamis-Tel Brak yolunda, &#8220;DSG&#8221; milislerine ba\u011fl\u0131 s\u00f6zde &#8220;Kamu G\u00fcvenlik Te\u015fkilat\u0131&#8221; komutan\u0131 ve eskortlar\u0131n\u0131 ta\u015f\u0131yan bir araca, pop\u00fcler gruplar taraf\u0131ndan makineli t\u00fcfeklerle sald\u0131r\u0131 d\u00fczenlendi\u011fini belirtti. Kaynaklar, s\u00f6z &hellip;<\/p>\n","protected":false},"author":36,"featured_media":240754,"comment_status":"closed","ping_status":"closed","sticky":false,"template":"","format":"standard","meta":{"footnotes":""},"categories":[479,575,17988,478],"tags":[],"class_list":["post-240696","post","type-post","status-publish","format-standard","has-post-thumbnail","","category-haberler-yerel","category-olaylar-ve-gercekler","category-son-haberler","category-yerel"],"_links":{"self":[{"href":"https:\/\/archive.sana.sy\/tr\/index.php?rest_route=\/wp\/v2\/posts\/240696","targetHints":{"allow":["GET"]}}],"collection":[{"href":"https:\/\/archive.sana.sy\/tr\/index.php?rest_route=\/wp\/v2\/posts"}],"about":[{"href":"https:\/\/archive.sana.sy\/tr\/index.php?rest_route=\/wp\/v2\/types\/post"}],"author":[{"embeddable":true,"href":"https:\/\/archive.sana.sy\/tr\/index.php?rest_route=\/wp\/v2\/users\/36"}],"replies":[{"embeddable":true,"href":"https:\/\/archive.sana.sy\/tr\/index.php?rest_route=%2Fwp%2Fv2%2Fcomments&post=240696"}],"version-history":[{"count":0,"href":"https:\/\/archive.sana.sy\/tr\/index.php?rest_route=\/wp\/v2\/posts\/240696\/revisions"}],"wp:featuredmedia":[{"embeddable":true,"href":"https:\/\/archive.sana.sy\/tr\/index.php?rest_route=\/wp\/v2\/media\/240754"}],"wp:attachment":[{"href":"https:\/\/archive.sana.sy\/tr\/index.php?rest_route=%2Fwp%2Fv2%2Fmedia&parent=240696"}],"wp:term":[{"taxonomy":"category","embeddable":true,"href":"https:\/\/archive.sana.sy\/tr\/index.php?rest_route=%2Fwp%2Fv2%2Fcategories&post=240696"},{"taxonomy":"post_tag","embeddable":true,"href":"https:\/\/archive.sana.sy\/tr\/index.php?rest_route=%2Fwp%2Fv2%2Ftags&post=240696"}],"curies":[{"name":"wp","href":"https:\/\/api.w.org\/{rel}","templated":true}]}}