{"id":240813,"date":"2021-08-08T18:11:09","date_gmt":"2021-08-08T15:11:09","guid":{"rendered":"http:\/\/107.6.182.27\/tr\/?p=240813"},"modified":"2021-08-09T13:43:40","modified_gmt":"2021-08-09T10:43:40","slug":"rusya-gaziler-derneginden-kultur-bakanligina-sehit-arkeolog-halid-al-asadin-bronz-heykeli","status":"publish","type":"post","link":"https:\/\/archive.sana.sy\/tr\/?p=240813","title":{"rendered":"Rusya Gaziler Derne\u011fi&#8217;nden K\u00fclt\u00fcr Bakanl\u0131\u011f\u0131&#8217;na \u015eehit Arkeolog Halid Al As&#8217;ad&#8217;\u0131n Bronz Heykeli"},"content":{"rendered":"<p style=\"text-align: justify;\">\u015eAM &#8211; Arkeolog ve \u015fehit ara\u015ft\u0131rmac\u0131 Halid Al As&#8217;ad&#8217;\u0131n Rus Gaziler Derne\u011fi taraf\u0131ndan Suriye&#8217;nin antik eserlerine ve medeniyetine \u00e7ok \u015fey vermi\u015f bir ki\u015finin an\u0131s\u0131na hat\u0131ra olarak sunulan bronz heykeli bug\u00fcn K\u00fclt\u00fcr Bakanl\u0131\u011f\u0131&#8217;na teslim edildi.<\/p>\n<p style=\"text-align: justify;\">Ge\u00e7ici h\u00fck\u00fcmetin K\u00fclt\u00fcr Bakan\u0131 Dr. Lubana Mu\u015favvah, Rusya Yazarlar Birli\u011fi ile koordineli olarak y\u00fcr\u00fct\u00fclen bu giri\u015fimin, Suriye Arap Cumhuriyeti ve Rusya Federasyonu&#8217;ndaki iki halk, liderler ve ordular aras\u0131ndaki dostluk ve i\u015fbirli\u011fi derinli\u011finin bir ifadesi olarak nitelendirdi.<\/p>\n<p style=\"text-align: justify;\">Mu\u015favvah; &#8220;Bu olay, \u00e7a\u011fr\u0131\u015f\u0131mlar\u0131 ve boyutlar\u0131yla semboliktir. Al As&#8217;ad, t\u00fcm Suriye \u015fehitlerinin simgesidir ve o, \u00fclkeyi soymak isteyen cani su\u00e7lular\u0131n vah\u015fetinden \u00e7ok \u00e7ekmi\u015f bir kahramand\u0131r. K\u00fclt\u00fcrel kimli\u011fini, itibar\u0131n\u0131 ve haf\u0131zas\u0131n\u0131 bozan, heykelin \u00fczerine i\u015flenen Suriye hurma a\u011fa\u00e7lar\u0131n\u0131n e\u011filmedi\u011fi ibaresi, bu \u00fclkenin t\u00fcm evlatlar\u0131n\u0131 ve \u015fehitlerini temsil etmektedir \u00e7\u00fcnk\u00fc heykel Palmyra M\u00fczesi&#8217;nde kendisine yak\u0131\u015f\u0131r bir yer tutacakt\u0131r&#8221; dedi.<\/p>\n<p style=\"text-align: justify;\">Gaziler Birli\u011fi&#8217;nden Amiral \u0130lyafi Kavl\u0131\u015f Kazlov ise; &#8220;Bu heykeli takdim etme fikri, rab\u0131tan\u0131n bilim adam\u0131 Al As&#8217;ad&#8217;\u0131n \u015fehadetinden sonra ortaya \u00e7\u0131kt\u0131\u011f\u0131n\u0131 o&#8217;nun Suriye&#8217;nin k\u00fclt\u00fcr\u00fcn\u00fc savunma yolunda \u015fehit d\u00fc\u015fen bir\u00e7ok ki\u015fiden biri oldu\u011funu&#8221; belirterek, bu heykelin, gen\u00e7 nesillerin vatanseverlik derslerini ve miras\u0131n korunmas\u0131n\u0131 \u00f6\u011frenmeleri i\u00e7in bir te\u015fvik olacak ter\u00f6r kar\u015f\u0131s\u0131nda Suriye halk\u0131n\u0131n kararl\u0131l\u0131\u011f\u0131n\u0131n bir ifadesi olarak kalaca\u011f\u0131n\u0131 dile getirdi.<\/p>\n<p style=\"text-align: justify;\">Rusya Yazarlar Birli\u011fi Sekreteri Anatol Birgeski, heykel fikrinin 2018 y\u0131l\u0131na dayand\u0131\u011f\u0131n\u0131 ve \u015fehid Al As&#8217;ad&#8217;\u0131n ortaya sundu\u011fu fedakarl\u0131k \u00f6rnek say\u0131lacak bir \u00f6rnek say\u0131ld\u0131\u011f\u0131n\u0131 vurgulayarak,<\/p>\n<p style=\"text-align: justify;\">Federasyonun bu giri\u015fime kat\u0131lan gazilerle koordineli bir \u015fekilde Suriye&#8217;yi ziyaret etmek i\u00e7in b\u00fcy\u00fck bir heyet halinde geldi\u011fine dikkat \u00e7ekti.<\/p>\n<p style=\"text-align: justify;\">\u015eehidin karde\u015fi Tu\u011fgeneral \u0130sa Al As&#8217;ad, \u015fehidin ailesi ad\u0131na heykeli teslim al\u0131rken yapt\u0131\u011f\u0131 konu\u015fmada, Suriye&#8217;deki insan miras\u0131n\u0131n takdiri olarak sunduklar\u0131ndan dolay\u0131 Rus heyetine \u015f\u00fckranlar\u0131n\u0131 sundu, Rusya Federasyonu&#8217;ndan bu \u00f6rnek \u00e7al\u0131\u015fmay\u0131 yapan herkese sevgi ve tadirini iletti.<\/p>\n<p style=\"text-align: justify;\">Mahmud \u015fehid karde\u015fine hitaben \u015f\u00f6yle dedi: &#8220;Sen \u00f6lmedin, bilakis fedakarl\u0131k ve kurtulu\u015f \u00f6rne\u011fiydin. Seni \u00f6ld\u00fcrd\u00fcklerinde ve \u00e7arm\u0131ha gerdiklerinde sen ya\u015famaya ba\u015flad\u0131n. Seni \u00f6ld\u00fcrenleri de \u00f6l\u00fclere \u00e7evirdin. V\u00fccut olarak g\u00f6\u00e7 ettin ancak sen aram\u0131zda kald\u0131n&#8221; dedi.<\/p>\n<p style=\"text-align: justify;\">\u015eehit Halid al As&#8217;ad Palmyra&#8217;da eski eserler ve m\u00fczeler m\u00fcd\u00fcr\u00fc olarak g\u00f6rev yapt\u0131 ve b\u00f6lgede yap\u0131lan t\u00fcm kaz\u0131larda Suriye taraf\u0131n\u0131n direkt\u00f6r\u00fc oldu, bunun gibi bir\u00e7ok tarihi eserinin ke\u015ffedilmesine katk\u0131da bulunmas\u0131 dikkat \u00e7ekicidir. Uzun cadde ve tap\u0131nak ve hatta bir\u00e7ok mezarl\u0131k olarak Suriye&#8217;den ve d\u00fcnyadan \u00fcst d\u00fczey onur madalyalar\u0131 kazand\u0131 ve Aramice dilini bilmesi yan\u0131 s\u0131ra birka\u00e7 dil biliyordu.<\/p>\n","protected":false},"excerpt":{"rendered":"<p>\u015eAM &#8211; Arkeolog ve \u015fehit ara\u015ft\u0131rmac\u0131 Halid Al As&#8217;ad&#8217;\u0131n Rus Gaziler Derne\u011fi taraf\u0131ndan Suriye&#8217;nin antik eserlerine ve medeniyetine \u00e7ok \u015fey vermi\u015f bir ki\u015finin an\u0131s\u0131na hat\u0131ra olarak sunulan bronz heykeli bug\u00fcn K\u00fclt\u00fcr Bakanl\u0131\u011f\u0131&#8217;na teslim edildi. Ge\u00e7ici h\u00fck\u00fcmetin K\u00fclt\u00fcr Bakan\u0131 Dr. Lubana Mu\u015favvah, Rusya Yazarlar Birli\u011fi ile koordineli olarak y\u00fcr\u00fct\u00fclen bu giri\u015fimin, Suriye Arap Cumhuriyeti ve Rusya &hellip;<\/p>\n","protected":false},"author":1,"featured_media":240814,"comment_status":"closed","ping_status":"closed","sticky":false,"template":"","format":"standard","meta":{"footnotes":""},"categories":[479,516,511,17988,478],"tags":[],"class_list":["post-240813","post","type-post","status-publish","format-standard","has-post-thumbnail","","category-haberler-yerel","category-haberler-kultur-ve-sanat","category-kultur-ve-sanat","category-son-haberler","category-yerel"],"_links":{"self":[{"href":"https:\/\/archive.sana.sy\/tr\/index.php?rest_route=\/wp\/v2\/posts\/240813","targetHints":{"allow":["GET"]}}],"collection":[{"href":"https:\/\/archive.sana.sy\/tr\/index.php?rest_route=\/wp\/v2\/posts"}],"about":[{"href":"https:\/\/archive.sana.sy\/tr\/index.php?rest_route=\/wp\/v2\/types\/post"}],"author":[{"embeddable":true,"href":"https:\/\/archive.sana.sy\/tr\/index.php?rest_route=\/wp\/v2\/users\/1"}],"replies":[{"embeddable":true,"href":"https:\/\/archive.sana.sy\/tr\/index.php?rest_route=%2Fwp%2Fv2%2Fcomments&post=240813"}],"version-history":[{"count":0,"href":"https:\/\/archive.sana.sy\/tr\/index.php?rest_route=\/wp\/v2\/posts\/240813\/revisions"}],"wp:featuredmedia":[{"embeddable":true,"href":"https:\/\/archive.sana.sy\/tr\/index.php?rest_route=\/wp\/v2\/media\/240814"}],"wp:attachment":[{"href":"https:\/\/archive.sana.sy\/tr\/index.php?rest_route=%2Fwp%2Fv2%2Fmedia&parent=240813"}],"wp:term":[{"taxonomy":"category","embeddable":true,"href":"https:\/\/archive.sana.sy\/tr\/index.php?rest_route=%2Fwp%2Fv2%2Fcategories&post=240813"},{"taxonomy":"post_tag","embeddable":true,"href":"https:\/\/archive.sana.sy\/tr\/index.php?rest_route=%2Fwp%2Fv2%2Ftags&post=240813"}],"curies":[{"name":"wp","href":"https:\/\/api.w.org\/{rel}","templated":true}]}}