{"id":240829,"date":"2021-08-08T23:02:34","date_gmt":"2021-08-08T20:02:34","guid":{"rendered":"http:\/\/107.6.182.27\/tr\/?p=240829"},"modified":"2021-08-09T13:44:28","modified_gmt":"2021-08-09T10:44:28","slug":"haltercimiz-asada-tokyo-olimpiyatlarinda-bronz-madalya-kazanmasindan-spor-nisani-verildi","status":"publish","type":"post","link":"https:\/\/archive.sana.sy\/tr\/?p=240829","title":{"rendered":"Haltercimiz As&#8217;ad&#8217;a Tokyo Olimpiyatlar\u0131nda Bronz Madalya Kazanmas\u0131ndan Spor Ni\u015fan\u0131 Verildi"},"content":{"rendered":"<p>\u015eAM \u2013 109 kg \u00fcst\u00fc Halter \u015fampiyonas\u0131nda bronz madalyan\u0131n sahibi olan olimpiyat kahraman Maan Al As&#8217;ad&#8217;\u0131n Tokyo olimpiyatlar\u0131ndaki ba\u015far\u0131s\u0131 ve Suriye bayra\u011f\u0131n\u0131 g\u00f6ndere kald\u0131rmas\u0131n\u0131n bir takdiri olarak bug\u00fcn, resmi, spor ve enformasyondan \u015fahsiyetlerin kat\u0131l\u0131m\u0131yla \u00f6d\u00fcllendirildi.<\/p>\n<p>At\u00e7\u0131l\u0131k Birli\u011fi Fahri Ba\u015fkan\u0131 Manal el Esad Haltercimiz Maan As&#8217;ad&#8217;a Suriye Olimpiyat Komitesi taraf\u0131ndan sunulan Spor Ni\u015fan\u0131 yan\u0131 s\u0131ra As&#8217;ad ve antren\u00f6r\u00fcne Spor Genel Birli\u011fi taraf\u0131ndan 25 milyon Suriye Liras\u0131 ile \u00f6d\u00fcllendirildi ve Gazteciler Birli\u011fi taraf\u0131ndan kalkan verildi.<\/p>\n<p>Manal Esad, Suriyeli masa tenis\u00e7isi olarak d\u00fcnya \u015fampiyonlu\u011funa ula\u015fmak i\u00e7in Tokyo Olimpiyatlar\u0131&#8217;n\u0131n en gen\u00e7 sporcusu Hind Zaza gibi sporcular\u0131n harcad\u0131\u011f\u0131 b\u00fcy\u00fck emekleri \u00f6verek, \u00f6zellikle \u00fclkemizin i\u00e7inden ge\u00e7ti\u011fi zor ko\u015fullarda \u00f6nemli ba\u015far\u0131lara imza atan bir\u00e7ok sporcu ile birlikte halterci As&#8217;ad&#8217;\u0131n elde etti\u011fi ve Suriyelilerin y\u00fcreklerine ne\u015fe getiren ba\u015far\u0131n\u0131n \u00f6nemine vurgu yapt\u0131 ve Suriyeli sporcular\u0131n \u00f6n\u00fcm\u00fczdeki a\u015famalarda daha da dikkat \u00e7ekici sonu\u00e7lar elde edeceklerini umdu\u011funu ifade etti.<\/p>\n<p>Kendi y\u00f6n\u00fcnden olimpiyat kahraman\u0131 As&#8217;ad ise bu ba\u015far\u0131n\u0131n Suriye sporlar\u0131 i\u00e7in \u00e7ok \u00f6nemli oldu\u011funu ve kendisini yakla\u015fan olimpiyatlara haz\u0131rlanmak i\u00e7in bir te\u015fvik olu\u015fturdu\u011funu belirterek; &#8220;antrenmanlarda hi\u00e7bir \u00e7abadan ka\u00e7\u0131nmayaca\u011f\u0131m, pusulam\u0131 Paris 2024 Olimpiyatlar\u0131&#8217;na y\u00f6nlendirece\u011fim, \u00f6zellikle ma\u00e7ta yar\u0131\u015ft\u0131\u011f\u0131m a\u011f\u0131rl\u0131ktan dolay\u0131 teknik ve fiziki seviyemi gereken \u015fekilde y\u00fckseltmek i\u00e7in \u00e7al\u0131\u015faca\u011f\u0131m&#8221; dedi.<\/p>\n<p>As&#8217;ad: &#8220;yakla\u015fan turnuvalarda madalya ve ba\u015far\u0131lar elde etmem i\u00e7in bana \u00e7ifte sorumluluk veren&#8221; s\u0131cak kar\u015f\u0131lamalar\u0131ndan dolay\u0131 t\u00fcm Suriyelilere te\u015fekk\u00fcrlerini ve takdirlerini dile getirdi.<\/p>\n","protected":false},"excerpt":{"rendered":"<p>\u015eAM \u2013 109 kg \u00fcst\u00fc Halter \u015fampiyonas\u0131nda bronz madalyan\u0131n sahibi olan olimpiyat kahraman Maan Al As&#8217;ad&#8217;\u0131n Tokyo olimpiyatlar\u0131ndaki ba\u015far\u0131s\u0131 ve Suriye bayra\u011f\u0131n\u0131 g\u00f6ndere kald\u0131rmas\u0131n\u0131n bir takdiri olarak bug\u00fcn, resmi, spor ve enformasyondan \u015fahsiyetlerin kat\u0131l\u0131m\u0131yla \u00f6d\u00fcllendirildi. At\u00e7\u0131l\u0131k Birli\u011fi Fahri Ba\u015fkan\u0131 Manal el Esad Haltercimiz Maan As&#8217;ad&#8217;a Suriye Olimpiyat Komitesi taraf\u0131ndan sunulan Spor Ni\u015fan\u0131 yan\u0131 s\u0131ra As&#8217;ad &hellip;<\/p>\n","protected":false},"author":1,"featured_media":240830,"comment_status":"closed","ping_status":"closed","sticky":false,"template":"","format":"standard","meta":{"footnotes":""},"categories":[498,17988,496],"tags":[],"class_list":["post-240829","post","type-post","status-publish","format-standard","has-post-thumbnail","","category-dunya-turnuvalari","category-son-haberler","category-spor"],"_links":{"self":[{"href":"https:\/\/archive.sana.sy\/tr\/index.php?rest_route=\/wp\/v2\/posts\/240829","targetHints":{"allow":["GET"]}}],"collection":[{"href":"https:\/\/archive.sana.sy\/tr\/index.php?rest_route=\/wp\/v2\/posts"}],"about":[{"href":"https:\/\/archive.sana.sy\/tr\/index.php?rest_route=\/wp\/v2\/types\/post"}],"author":[{"embeddable":true,"href":"https:\/\/archive.sana.sy\/tr\/index.php?rest_route=\/wp\/v2\/users\/1"}],"replies":[{"embeddable":true,"href":"https:\/\/archive.sana.sy\/tr\/index.php?rest_route=%2Fwp%2Fv2%2Fcomments&post=240829"}],"version-history":[{"count":0,"href":"https:\/\/archive.sana.sy\/tr\/index.php?rest_route=\/wp\/v2\/posts\/240829\/revisions"}],"wp:featuredmedia":[{"embeddable":true,"href":"https:\/\/archive.sana.sy\/tr\/index.php?rest_route=\/wp\/v2\/media\/240830"}],"wp:attachment":[{"href":"https:\/\/archive.sana.sy\/tr\/index.php?rest_route=%2Fwp%2Fv2%2Fmedia&parent=240829"}],"wp:term":[{"taxonomy":"category","embeddable":true,"href":"https:\/\/archive.sana.sy\/tr\/index.php?rest_route=%2Fwp%2Fv2%2Fcategories&post=240829"},{"taxonomy":"post_tag","embeddable":true,"href":"https:\/\/archive.sana.sy\/tr\/index.php?rest_route=%2Fwp%2Fv2%2Ftags&post=240829"}],"curies":[{"name":"wp","href":"https:\/\/api.w.org\/{rel}","templated":true}]}}