{"id":240833,"date":"2021-08-09T13:32:43","date_gmt":"2021-08-09T10:32:43","guid":{"rendered":"http:\/\/107.6.182.27\/tr\/?p=240833"},"modified":"2021-08-10T16:24:52","modified_gmt":"2021-08-10T13:24:52","slug":"turk-isgaline-bagli-ceteler-arasinda-cikan-catismalarda-birkac-sivil-yarali-dustu","status":"publish","type":"post","link":"https:\/\/archive.sana.sy\/tr\/?p=240833","title":{"rendered":"T\u00fcrk \u0130\u015fgaline Ba\u011fl\u0131 \u00c7eteler Aras\u0131nda \u00c7\u0131kan \u00c7at\u0131\u015fmalarda Birka\u00e7 Sivil Yaral\u0131 D\u00fc\u015ft\u00fc"},"content":{"rendered":"<p>HALEP \u2013 Halepk\u0131rsal\u0131n\u0131n kuzeybat\u0131s\u0131nda i\u015fgal alt\u0131ndaki Afrin kentinde T\u00fcrk i\u015fgaline ba\u011fl\u0131 \u00e7eteler aras\u0131nda yeniden ba\u015flayan \u00e7at\u0131\u015fmalarda birka\u00e7 sivil yaraland\u0131.<\/p>\n<p>Yerel kaynaklar SANA muhabirine, T\u00fcrk i\u015fgaline ba\u011fl\u0131 s\u00f6zde \u201cAhrar el \u015eam\u201d ve \u201c9. Tu\u011fay\u201d \u00e7eteleri aras\u0131nda Afrin Kenti\u2019ndeki Villat Semtinde orta ve hafif silahlar\u0131n kullan\u0131ld\u0131\u011f\u0131 \u00e7at\u0131\u015fmalar \u00e7\u0131kt\u0131\u011f\u0131n\u0131 belirtirken, bunun sonucunda baz\u0131 sivillerin yaraland\u0131\u011f\u0131na ve ahalilere ait m\u00fclklerde maddi hasarlara yol a\u00e7\u0131ld\u0131\u011f\u0131na i\u015faret etti.<\/p>\n<p>Kaynaklar, kiral\u0131k \u00e7eteler arars\u0131nda \u00e7at\u0131\u015fmalar\u0131n t\u0131rmanmas\u0131 nedeniyle neredeyse her g\u00fcn tekrarlanan bir durumda, uzun s\u00fcre i\u015flerini b\u0131rak\u0131p evlerinde saklanmak zorunda kalan halk aras\u0131nda \u00e7at\u0131\u015fmalar\u0131n korku ve pani\u011fe yol a\u00e7t\u0131\u011f\u0131na dikkat \u00e7ekti.<\/p>\n","protected":false},"excerpt":{"rendered":"<p>HALEP \u2013 Halepk\u0131rsal\u0131n\u0131n kuzeybat\u0131s\u0131nda i\u015fgal alt\u0131ndaki Afrin kentinde T\u00fcrk i\u015fgaline ba\u011fl\u0131 \u00e7eteler aras\u0131nda yeniden ba\u015flayan \u00e7at\u0131\u015fmalarda birka\u00e7 sivil yaraland\u0131. Yerel kaynaklar SANA muhabirine, T\u00fcrk i\u015fgaline ba\u011fl\u0131 s\u00f6zde \u201cAhrar el \u015eam\u201d ve \u201c9. Tu\u011fay\u201d \u00e7eteleri aras\u0131nda Afrin Kenti\u2019ndeki Villat Semtinde orta ve hafif silahlar\u0131n kullan\u0131ld\u0131\u011f\u0131 \u00e7at\u0131\u015fmalar \u00e7\u0131kt\u0131\u011f\u0131n\u0131 belirtirken, bunun sonucunda baz\u0131 sivillerin yaraland\u0131\u011f\u0131na ve ahalilere ait &hellip;<\/p>\n","protected":false},"author":1,"featured_media":240837,"comment_status":"closed","ping_status":"closed","sticky":false,"template":"","format":"standard","meta":{"footnotes":""},"categories":[479,575,17988,2554,2555,478],"tags":[],"class_list":["post-240833","post","type-post","status-publish","format-standard","has-post-thumbnail","","category-haberler-yerel","category-olaylar-ve-gercekler","category-son-haberler","category-suriye-ve-dunya","category-suriye-ve-turkiye","category-yerel"],"_links":{"self":[{"href":"https:\/\/archive.sana.sy\/tr\/index.php?rest_route=\/wp\/v2\/posts\/240833","targetHints":{"allow":["GET"]}}],"collection":[{"href":"https:\/\/archive.sana.sy\/tr\/index.php?rest_route=\/wp\/v2\/posts"}],"about":[{"href":"https:\/\/archive.sana.sy\/tr\/index.php?rest_route=\/wp\/v2\/types\/post"}],"author":[{"embeddable":true,"href":"https:\/\/archive.sana.sy\/tr\/index.php?rest_route=\/wp\/v2\/users\/1"}],"replies":[{"embeddable":true,"href":"https:\/\/archive.sana.sy\/tr\/index.php?rest_route=%2Fwp%2Fv2%2Fcomments&post=240833"}],"version-history":[{"count":0,"href":"https:\/\/archive.sana.sy\/tr\/index.php?rest_route=\/wp\/v2\/posts\/240833\/revisions"}],"wp:featuredmedia":[{"embeddable":true,"href":"https:\/\/archive.sana.sy\/tr\/index.php?rest_route=\/wp\/v2\/media\/240837"}],"wp:attachment":[{"href":"https:\/\/archive.sana.sy\/tr\/index.php?rest_route=%2Fwp%2Fv2%2Fmedia&parent=240833"}],"wp:term":[{"taxonomy":"category","embeddable":true,"href":"https:\/\/archive.sana.sy\/tr\/index.php?rest_route=%2Fwp%2Fv2%2Fcategories&post=240833"},{"taxonomy":"post_tag","embeddable":true,"href":"https:\/\/archive.sana.sy\/tr\/index.php?rest_route=%2Fwp%2Fv2%2Ftags&post=240833"}],"curies":[{"name":"wp","href":"https:\/\/api.w.org\/{rel}","templated":true}]}}