{"id":240834,"date":"2021-08-09T13:41:52","date_gmt":"2021-08-09T10:41:52","guid":{"rendered":"http:\/\/107.6.182.27\/tr\/?p=240834"},"modified":"2021-08-10T16:24:56","modified_gmt":"2021-08-10T13:24:56","slug":"amerikan-isgali-calinti-suriye-petrolu-tasiyan-bir-konvoy-iraka-cikardi","status":"publish","type":"post","link":"https:\/\/archive.sana.sy\/tr\/?p=240834","title":{"rendered":"Amerikan \u0130\u015fgali \u00c7al\u0131nt\u0131 Suriye Petrol\u00fc Ta\u015f\u0131yan Bir Konvoy Irak&#8217;a \u00c7\u0131kard\u0131"},"content":{"rendered":"<p>HASEKE \u2013 \u0130\u015fgalci Amerikan g\u00fc\u00e7leri \u00e7al\u0131nt\u0131 Suriye petrol\u00fc ile y\u00fckl\u00fc kamyonlardan olu\u015fan bir onvoyu el Velid gayr me\u015fr s\u0131n\u0131r ge\u00e7i\u015fi \u00fczerinden Irak\u2019a do\u011fru \u00e7\u0131kard\u0131.<\/p>\n<p>Yerel kaynaklar SANA muhabirine yapt\u0131klar\u0131 a\u00e7\u0131klamada, i\u015fgalci Amerikan g\u00fc\u00e7lerinin petrol tankerlerin, kamyonlar\u0131n ve z\u0131rhl\u0131 ara\u00e7lar\u0131n bulundu\u011fu 80 ara\u00e7tan olu\u015fan bir konvoyunel Velid gayri me\u015fru s\u0131n\u0131r ge\u00e7i\u015fi \u00fczerinden Irak\u2019a do\u011fru \u00e7\u0131kard\u0131\u011f\u0131n\u0131 belirtti<\/p>\n<p>P.M.<\/p>\n","protected":false},"excerpt":{"rendered":"<p>HASEKE \u2013 \u0130\u015fgalci Amerikan g\u00fc\u00e7leri \u00e7al\u0131nt\u0131 Suriye petrol\u00fc ile y\u00fckl\u00fc kamyonlardan olu\u015fan bir onvoyu el Velid gayr me\u015fr s\u0131n\u0131r ge\u00e7i\u015fi \u00fczerinden Irak\u2019a do\u011fru \u00e7\u0131kard\u0131. Yerel kaynaklar SANA muhabirine yapt\u0131klar\u0131 a\u00e7\u0131klamada, i\u015fgalci Amerikan g\u00fc\u00e7lerinin petrol tankerlerin, kamyonlar\u0131n ve z\u0131rhl\u0131 ara\u00e7lar\u0131n bulundu\u011fu 80 ara\u00e7tan olu\u015fan bir konvoyunel Velid gayri me\u015fru s\u0131n\u0131r ge\u00e7i\u015fi \u00fczerinden Irak\u2019a do\u011fru \u00e7\u0131kard\u0131\u011f\u0131n\u0131 belirtti &hellip;<\/p>\n","protected":false},"author":1,"featured_media":240840,"comment_status":"closed","ping_status":"closed","sticky":false,"template":"","format":"standard","meta":{"footnotes":""},"categories":[479,575,17988,478],"tags":[],"class_list":["post-240834","post","type-post","status-publish","format-standard","has-post-thumbnail","","category-haberler-yerel","category-olaylar-ve-gercekler","category-son-haberler","category-yerel"],"_links":{"self":[{"href":"https:\/\/archive.sana.sy\/tr\/index.php?rest_route=\/wp\/v2\/posts\/240834","targetHints":{"allow":["GET"]}}],"collection":[{"href":"https:\/\/archive.sana.sy\/tr\/index.php?rest_route=\/wp\/v2\/posts"}],"about":[{"href":"https:\/\/archive.sana.sy\/tr\/index.php?rest_route=\/wp\/v2\/types\/post"}],"author":[{"embeddable":true,"href":"https:\/\/archive.sana.sy\/tr\/index.php?rest_route=\/wp\/v2\/users\/1"}],"replies":[{"embeddable":true,"href":"https:\/\/archive.sana.sy\/tr\/index.php?rest_route=%2Fwp%2Fv2%2Fcomments&post=240834"}],"version-history":[{"count":0,"href":"https:\/\/archive.sana.sy\/tr\/index.php?rest_route=\/wp\/v2\/posts\/240834\/revisions"}],"wp:featuredmedia":[{"embeddable":true,"href":"https:\/\/archive.sana.sy\/tr\/index.php?rest_route=\/wp\/v2\/media\/240840"}],"wp:attachment":[{"href":"https:\/\/archive.sana.sy\/tr\/index.php?rest_route=%2Fwp%2Fv2%2Fmedia&parent=240834"}],"wp:term":[{"taxonomy":"category","embeddable":true,"href":"https:\/\/archive.sana.sy\/tr\/index.php?rest_route=%2Fwp%2Fv2%2Fcategories&post=240834"},{"taxonomy":"post_tag","embeddable":true,"href":"https:\/\/archive.sana.sy\/tr\/index.php?rest_route=%2Fwp%2Fv2%2Ftags&post=240834"}],"curies":[{"name":"wp","href":"https:\/\/api.w.org\/{rel}","templated":true}]}}