{"id":240988,"date":"2021-08-11T16:25:34","date_gmt":"2021-08-11T13:25:34","guid":{"rendered":"http:\/\/107.6.182.27\/tr\/?p=240988"},"modified":"2021-08-12T08:10:17","modified_gmt":"2021-08-12T05:10:17","slug":"ordu-ve-muttefik-kuvvetlerden-24-yarali-daha-fazla-tedavi-gormek-icin-rusyaya-vardi","status":"publish","type":"post","link":"https:\/\/archive.sana.sy\/tr\/?p=240988","title":{"rendered":"Ordu ve M\u00fcttefik Kuvvetlerden 24 Yaral\u0131 Daha Fazla Tedavi G\u00f6rmek \u0130\u00e7in Rusya&#8217;ya Vard\u0131"},"content":{"rendered":"<p>MOSKOVA \u2013 Ordudan ve yard\u0131mc\u0131 kuvvetlerden, \u00e7e\u015fitli derecelerde engelli 24 sava\u015f yaral\u0131s\u0131, Rusya Askeri T\u0131p Akademisi&#8217;nin Saint Petersburg Merkezinde ameliyat olmak ve multidisipliner tedavi g\u00f6rmek \u00fczere Rusya&#8217;ya geldi.<\/p>\n<p>Muharebe s\u0131ras\u0131nda a\u011f\u0131r yararalanan ve Suriye askeri hastanelerine tedavi g\u00f6ren gazi yaral\u0131lar\u0131n tedavinin tamamlamas\u0131 i\u00e7in Rusya&#8217;ya y\u00f6nlendirilmesi, Suriye Savunma Bakanl\u0131\u011f\u0131&#8217;n\u0131n Rus mevkida\u015f\u0131n\u0131n talebi \u00fczerine, Suriye ve Rus taraflar\u0131 aras\u0131nda askeri ve t\u0131bbi alanlarda s\u00fcrekli i\u015fbirli\u011fi \u00e7er\u00e7evesinde geliyor.<\/p>\n<p>Rus askeri sa\u011fl\u0131k hizmetlerinden bir grup uzman, son d\u00f6nemde 100&#8217;den fazla hasta i\u00e7in te\u015fhis muayeneleri yapt\u0131. Ard\u0131ndan Rus uzmanlar, t\u0131bbi a\u00e7\u0131dan zor ve karma\u015f\u0131k vakalar olarak g\u00f6r\u00fclen St. Petersburg Askeri T\u0131p Merkezi&#8217;nde tedavi edilebilecek vakalar\u0131 tespit etti.<\/p>\n<p>Rus uzmanlar taraf\u0131ndan se\u00e7ilen vakalar\u0131n, Rusya&#8217;da mevcut kaynaklara ve uzmanl\u0131klara g\u00f6re tedavi i\u00e7in olas\u0131 endikasyonlar\u0131 olan vakalar oldu\u011funa dikkat \u00e7ekicidir. Ayn\u0131 zamanda, bu tedavilerin t\u0131bbi sonu\u00e7lar\u0131, son derece zor olmalar\u0131 nedeniyle tahmin edilemez durumunda Rus t\u0131bbi taraf\u0131 t\u00fcm deneyim ve yeteneklerini kullanacakt\u0131r.<\/p>\n<p>P.M.<\/p>\n","protected":false},"excerpt":{"rendered":"<p>MOSKOVA \u2013 Ordudan ve yard\u0131mc\u0131 kuvvetlerden, \u00e7e\u015fitli derecelerde engelli 24 sava\u015f yaral\u0131s\u0131, Rusya Askeri T\u0131p Akademisi&#8217;nin Saint Petersburg Merkezinde ameliyat olmak ve multidisipliner tedavi g\u00f6rmek \u00fczere Rusya&#8217;ya geldi. Muharebe s\u0131ras\u0131nda a\u011f\u0131r yararalanan ve Suriye askeri hastanelerine tedavi g\u00f6ren gazi yaral\u0131lar\u0131n tedavinin tamamlamas\u0131 i\u00e7in Rusya&#8217;ya y\u00f6nlendirilmesi, Suriye Savunma Bakanl\u0131\u011f\u0131&#8217;n\u0131n Rus mevkida\u015f\u0131n\u0131n talebi \u00fczerine, Suriye ve Rus &hellip;<\/p>\n","protected":false},"author":1,"featured_media":240989,"comment_status":"closed","ping_status":"closed","sticky":false,"template":"","format":"standard","meta":{"footnotes":""},"categories":[458,459,17988],"tags":[],"class_list":["post-240988","post","type-post","status-publish","format-standard","has-post-thumbnail","","category-dunya1","category-haberler-arap-uluslararasi-politika","category-son-haberler"],"_links":{"self":[{"href":"https:\/\/archive.sana.sy\/tr\/index.php?rest_route=\/wp\/v2\/posts\/240988","targetHints":{"allow":["GET"]}}],"collection":[{"href":"https:\/\/archive.sana.sy\/tr\/index.php?rest_route=\/wp\/v2\/posts"}],"about":[{"href":"https:\/\/archive.sana.sy\/tr\/index.php?rest_route=\/wp\/v2\/types\/post"}],"author":[{"embeddable":true,"href":"https:\/\/archive.sana.sy\/tr\/index.php?rest_route=\/wp\/v2\/users\/1"}],"replies":[{"embeddable":true,"href":"https:\/\/archive.sana.sy\/tr\/index.php?rest_route=%2Fwp%2Fv2%2Fcomments&post=240988"}],"version-history":[{"count":0,"href":"https:\/\/archive.sana.sy\/tr\/index.php?rest_route=\/wp\/v2\/posts\/240988\/revisions"}],"wp:featuredmedia":[{"embeddable":true,"href":"https:\/\/archive.sana.sy\/tr\/index.php?rest_route=\/wp\/v2\/media\/240989"}],"wp:attachment":[{"href":"https:\/\/archive.sana.sy\/tr\/index.php?rest_route=%2Fwp%2Fv2%2Fmedia&parent=240988"}],"wp:term":[{"taxonomy":"category","embeddable":true,"href":"https:\/\/archive.sana.sy\/tr\/index.php?rest_route=%2Fwp%2Fv2%2Fcategories&post=240988"},{"taxonomy":"post_tag","embeddable":true,"href":"https:\/\/archive.sana.sy\/tr\/index.php?rest_route=%2Fwp%2Fv2%2Ftags&post=240988"}],"curies":[{"name":"wp","href":"https:\/\/api.w.org\/{rel}","templated":true}]}}