{"id":241055,"date":"2021-08-12T17:06:20","date_gmt":"2021-08-12T14:06:20","guid":{"rendered":"http:\/\/107.6.182.27\/tr\/?p=241055"},"modified":"2021-08-13T08:38:19","modified_gmt":"2021-08-13T05:38:19","slug":"amerikan-isgali-suriye-petrolunu-yagmalamaya-devam-ediyor-yeni-bir-konvoy-iraka-cikarildi","status":"publish","type":"post","link":"https:\/\/archive.sana.sy\/tr\/?p=241055","title":{"rendered":"Amerikan \u0130\u015fgali Suriye Petrol\u00fcn\u00fc Ya\u011fmalamaya Devam Ediyor.. Yeni Bir Konvoy Irak&#8217;a \u00c7\u0131kar\u0131ld\u0131"},"content":{"rendered":"<p>HASEKE \u2013 \u0130\u015fgalci Amerikan g\u00fc\u00e7leri el Velid gayri me\u015fru s\u0131n\u0131r ge\u00e7i\u015fi \u00fczerinden Irak\u2019a do\u011fru \u00e7al\u0131nt\u0131 Suriye petrol\u00fc ta\u015f\u0131yan tanker konvoyu \u00e7\u0131kard\u0131.<\/p>\n<p>Haseke\u2019deki Rmeylan\u2019dan yerel kaynaklar SANA muhabirine, i\u015fgalci Amerikan g\u00fc\u00e7lerinin 30 kamyondan olu\u015fan ve \u00e7al\u0131nt\u0131 Suriye petrol\u00fc ta\u015f\u0131yan bir konvoyu el Velid adl\u0131 gayri me\u015fru s\u0131n\u0131r ge\u00e7i\u015fi \u00fczerinden Irak\u2019a do\u011fru \u00e7\u0131kard\u0131\u011f\u0131n\u0131 belirtti. Kaynaklar, baz\u0131 z\u0131rhl\u0131 ara\u00e7lar\u0131n konvoya e\u015flik ettiklerine i\u015faret etti.<\/p>\n<p>P.M.<\/p>\n","protected":false},"excerpt":{"rendered":"<p>HASEKE \u2013 \u0130\u015fgalci Amerikan g\u00fc\u00e7leri el Velid gayri me\u015fru s\u0131n\u0131r ge\u00e7i\u015fi \u00fczerinden Irak\u2019a do\u011fru \u00e7al\u0131nt\u0131 Suriye petrol\u00fc ta\u015f\u0131yan tanker konvoyu \u00e7\u0131kard\u0131. Haseke\u2019deki Rmeylan\u2019dan yerel kaynaklar SANA muhabirine, i\u015fgalci Amerikan g\u00fc\u00e7lerinin 30 kamyondan olu\u015fan ve \u00e7al\u0131nt\u0131 Suriye petrol\u00fc ta\u015f\u0131yan bir konvoyu el Velid adl\u0131 gayri me\u015fru s\u0131n\u0131r ge\u00e7i\u015fi \u00fczerinden Irak\u2019a do\u011fru \u00e7\u0131kard\u0131\u011f\u0131n\u0131 belirtti. Kaynaklar, baz\u0131 z\u0131rhl\u0131 &hellip;<\/p>\n","protected":false},"author":1,"featured_media":241064,"comment_status":"closed","ping_status":"closed","sticky":false,"template":"","format":"standard","meta":{"footnotes":""},"categories":[479,575,17988,478],"tags":[],"class_list":["post-241055","post","type-post","status-publish","format-standard","has-post-thumbnail","","category-haberler-yerel","category-olaylar-ve-gercekler","category-son-haberler","category-yerel"],"_links":{"self":[{"href":"https:\/\/archive.sana.sy\/tr\/index.php?rest_route=\/wp\/v2\/posts\/241055","targetHints":{"allow":["GET"]}}],"collection":[{"href":"https:\/\/archive.sana.sy\/tr\/index.php?rest_route=\/wp\/v2\/posts"}],"about":[{"href":"https:\/\/archive.sana.sy\/tr\/index.php?rest_route=\/wp\/v2\/types\/post"}],"author":[{"embeddable":true,"href":"https:\/\/archive.sana.sy\/tr\/index.php?rest_route=\/wp\/v2\/users\/1"}],"replies":[{"embeddable":true,"href":"https:\/\/archive.sana.sy\/tr\/index.php?rest_route=%2Fwp%2Fv2%2Fcomments&post=241055"}],"version-history":[{"count":0,"href":"https:\/\/archive.sana.sy\/tr\/index.php?rest_route=\/wp\/v2\/posts\/241055\/revisions"}],"wp:featuredmedia":[{"embeddable":true,"href":"https:\/\/archive.sana.sy\/tr\/index.php?rest_route=\/wp\/v2\/media\/241064"}],"wp:attachment":[{"href":"https:\/\/archive.sana.sy\/tr\/index.php?rest_route=%2Fwp%2Fv2%2Fmedia&parent=241055"}],"wp:term":[{"taxonomy":"category","embeddable":true,"href":"https:\/\/archive.sana.sy\/tr\/index.php?rest_route=%2Fwp%2Fv2%2Fcategories&post=241055"},{"taxonomy":"post_tag","embeddable":true,"href":"https:\/\/archive.sana.sy\/tr\/index.php?rest_route=%2Fwp%2Fv2%2Ftags&post=241055"}],"curies":[{"name":"wp","href":"https:\/\/api.w.org\/{rel}","templated":true}]}}