{"id":24106,"date":"2015-02-16T13:10:34","date_gmt":"2015-02-16T11:10:34","guid":{"rendered":"http:\/\/www.sana.sy\/tr\/?p=24106"},"modified":"2015-02-16T13:10:34","modified_gmt":"2015-02-16T11:10:34","slug":"uluslar-arasi-denklemlerde-suriyenin-rolune-dikkat-cekti","status":"publish","type":"post","link":"https:\/\/archive.sana.sy\/tr\/?p=24106","title":{"rendered":"Uluslar aras\u0131 Denklemlerde Suriye&#8217;nin Rol\u00fcne Dikkat \u00c7ekti"},"content":{"rendered":"<p>TAHRAN \u2013 \u0130ran D\u0131\u015fi\u015fleri Bakan\u0131 Yard\u0131mc\u0131s\u0131 H\u00fcseyin Emir Abd\u00fcllehyan; Suriye ordusunun silahl\u0131 ter\u00f6r gruplar\u0131na kar\u015f\u0131 son s\u00fcre\u00e7te kazand\u0131\u011f\u0131 zaferleri kutlayarak Suriye&#8217;nin gelece\u011finin Suriye halk\u0131 taraf\u0131ndan belirlenece\u011finin yineledi.<\/p>\n<p>\u0130ran \u0130slam Devriminin 36. Y\u0131ld\u00f6n\u00fcm\u00fc kutlamalar\u0131na kat\u0131lmak amac\u0131yla Tahran\u2019da bulunan Suriyeli Bas\u0131n Heyetiyle bir araya gelen Abd\u00fcllehyan; Suriye&#8217;nin b\u00f6lgesel ve uluslararas\u0131 denklemlerde oynad\u0131\u011f\u0131 role dikkat \u00e7ekerek Suriye&#8217;de ya\u015fanan krizin tek \u00e7\u00f6z\u00fcm\u00fcn\u00fcn siyasi \u00e7\u00f6z\u00fcm oldu\u011funun alt\u0131n\u0131 \u00e7izdi.<\/p>\n<p>Abd\u00fcllehyan Cumhurba\u015fkan\u0131 Be\u015f\u015far el Esad\u2019\u0131n ter\u00f6re kar\u015f\u0131 y\u00fcr\u00fct\u00fclen sava\u015fa e\u015f zamanl\u0131 olarak yerel ulusal uzla\u015fmalara b\u00fcy\u00fck \u00f6nem vermesinin gayet etkin ve verimli bir ad\u0131m oldu\u011funu belirtti.<\/p>\n<p>G\u00f6r\u00fc\u015fmede bas\u0131n heyeti Suriye ve \u0130ran\u2019\u0131n ba\u015fta Filistin halk\u0131 olmak \u00fczere b\u00f6lge halklar\u0131n\u0131n hak ve hukuklar\u0131na kavu\u015fmalar\u0131 amac\u0131yla verdikleri ortak m\u00fccadeleye dikkat \u00e7ekti.<\/p>\n<p>A.A. &#8211; R.H.<\/p>\n","protected":false},"excerpt":{"rendered":"<p>TAHRAN \u2013 \u0130ran D\u0131\u015fi\u015fleri Bakan\u0131 Yard\u0131mc\u0131s\u0131 H\u00fcseyin Emir Abd\u00fcllehyan; Suriye ordusunun silahl\u0131 ter\u00f6r gruplar\u0131na kar\u015f\u0131 son s\u00fcre\u00e7te kazand\u0131\u011f\u0131 zaferleri kutlayarak Suriye&#8217;nin gelece\u011finin Suriye halk\u0131 taraf\u0131ndan belirlenece\u011finin yineledi. \u0130ran \u0130slam Devriminin 36. Y\u0131ld\u00f6n\u00fcm\u00fc kutlamalar\u0131na kat\u0131lmak amac\u0131yla Tahran\u2019da bulunan Suriyeli Bas\u0131n Heyetiyle bir araya gelen Abd\u00fcllehyan; Suriye&#8217;nin b\u00f6lgesel ve uluslararas\u0131 denklemlerde oynad\u0131\u011f\u0131 role dikkat \u00e7ekerek Suriye&#8217;de ya\u015fanan &hellip;<\/p>\n","protected":false},"author":1,"featured_media":24107,"comment_status":"closed","ping_status":"closed","sticky":false,"template":"","format":"standard","meta":{"footnotes":""},"categories":[458,459,447],"tags":[11557],"class_list":["post-24106","post","type-post","status-publish","format-standard","has-post-thumbnail","","category-dunya1","category-haberler-arap-uluslararasi-politika","category-politika","tag-uluslar-arasi-denklemlerde-suriyenin-rolune-dikkat-cekti-tahran-iran-disisleri-bakani-yardimcisi-huseyin-emir-abdullehyan-suriye-ordusunun-silahli-teror-gruplarina-karsi-son-surecte-kazand"],"_links":{"self":[{"href":"https:\/\/archive.sana.sy\/tr\/index.php?rest_route=\/wp\/v2\/posts\/24106","targetHints":{"allow":["GET"]}}],"collection":[{"href":"https:\/\/archive.sana.sy\/tr\/index.php?rest_route=\/wp\/v2\/posts"}],"about":[{"href":"https:\/\/archive.sana.sy\/tr\/index.php?rest_route=\/wp\/v2\/types\/post"}],"author":[{"embeddable":true,"href":"https:\/\/archive.sana.sy\/tr\/index.php?rest_route=\/wp\/v2\/users\/1"}],"replies":[{"embeddable":true,"href":"https:\/\/archive.sana.sy\/tr\/index.php?rest_route=%2Fwp%2Fv2%2Fcomments&post=24106"}],"version-history":[{"count":0,"href":"https:\/\/archive.sana.sy\/tr\/index.php?rest_route=\/wp\/v2\/posts\/24106\/revisions"}],"wp:featuredmedia":[{"embeddable":true,"href":"https:\/\/archive.sana.sy\/tr\/index.php?rest_route=\/wp\/v2\/media\/24107"}],"wp:attachment":[{"href":"https:\/\/archive.sana.sy\/tr\/index.php?rest_route=%2Fwp%2Fv2%2Fmedia&parent=24106"}],"wp:term":[{"taxonomy":"category","embeddable":true,"href":"https:\/\/archive.sana.sy\/tr\/index.php?rest_route=%2Fwp%2Fv2%2Fcategories&post=24106"},{"taxonomy":"post_tag","embeddable":true,"href":"https:\/\/archive.sana.sy\/tr\/index.php?rest_route=%2Fwp%2Fv2%2Ftags&post=24106"}],"curies":[{"name":"wp","href":"https:\/\/api.w.org\/{rel}","templated":true}]}}