{"id":241062,"date":"2021-08-12T17:11:42","date_gmt":"2021-08-12T14:11:42","guid":{"rendered":"http:\/\/107.6.182.27\/tr\/?p=241062"},"modified":"2021-08-13T08:38:22","modified_gmt":"2021-08-13T05:38:22","slug":"birlesik-arap-masa-tenisi-sampiyonasinda-suriye-takimi-bronz-kazandi","status":"publish","type":"post","link":"https:\/\/archive.sana.sy\/tr\/?p=241062","title":{"rendered":"Birle\u015fik Arap Masa Tenisi \u015eampiyonas\u0131&#8217;nda Suriye Tak\u0131m\u0131 Bronz Kazand\u0131"},"content":{"rendered":"<p>AMMAN \u2013 Suriye gen\u00e7ler masa tenisi tak\u0131m\u0131, \u00dcrd\u00fcn&#8217;\u00fcn ba\u015fkenti Amman&#8217;da 13 \u00fclkenin kat\u0131l\u0131m\u0131yla d\u00fczenlenen Birle\u015fik Arap \u015eampiyonas\u0131&#8217;nda bug\u00fcn bronz madalya kazand\u0131.<\/p>\n<p>Tak\u0131m\u0131m\u0131z grup a\u015famas\u0131nda \u00fc\u00e7 ma\u00e7 oynad\u0131, ilkini \u00dcrd\u00fcn&#8217;e, ikincisini Irak&#8217;a kar\u015f\u0131 kazand\u0131 ve Katar&#8217;a yenilerek grubunu \u00fcst s\u0131ralara ta\u015f\u0131d\u0131. Tak\u0131m, yar\u0131 finalde Tunus ile kar\u015f\u0131la\u015ft\u0131 ve bronz madalya almak i\u00e7in bir set \u00fc\u00e7e kaybetti.<\/p>\n<p>Yavrular kategorisinde Suriye milli tak\u0131m\u0131n\u0131 oyuncular \u011eays \u011earib, Zeyd Katini ve \u0130brahim \u015eeyh Taha temsil etti.<\/p>\n<p>Gen\u00e7ler kategorisinde Irak&#8217;a bir ma\u00e7 farkla ma\u011flup olan milli tak\u0131m\u0131m\u0131z, ikinci turda s\u0131ras\u0131yla be\u015fincilikten sekizincili\u011fe kadar oynayacak. Tak\u0131m\u0131m\u0131z Kuveytli mevkida\u015f\u0131na kar\u015f\u0131 \u00fc\u00e7 temiz turla birinci grup liderli\u011fini kazand\u0131 ve ikinci grubun ikinci grubuyla tan\u0131\u015fmak i\u00e7in yar\u0131 finallere kat\u0131lmaya hak kazand\u0131.<\/p>\n<p>P.M.<\/p>\n","protected":false},"excerpt":{"rendered":"<p>AMMAN \u2013 Suriye gen\u00e7ler masa tenisi tak\u0131m\u0131, \u00dcrd\u00fcn&#8217;\u00fcn ba\u015fkenti Amman&#8217;da 13 \u00fclkenin kat\u0131l\u0131m\u0131yla d\u00fczenlenen Birle\u015fik Arap \u015eampiyonas\u0131&#8217;nda bug\u00fcn bronz madalya kazand\u0131. Tak\u0131m\u0131m\u0131z grup a\u015famas\u0131nda \u00fc\u00e7 ma\u00e7 oynad\u0131, ilkini \u00dcrd\u00fcn&#8217;e, ikincisini Irak&#8217;a kar\u015f\u0131 kazand\u0131 ve Katar&#8217;a yenilerek grubunu \u00fcst s\u0131ralara ta\u015f\u0131d\u0131. Tak\u0131m, yar\u0131 finalde Tunus ile kar\u015f\u0131la\u015ft\u0131 ve bronz madalya almak i\u00e7in bir set \u00fc\u00e7e kaybetti. &hellip;<\/p>\n","protected":false},"author":1,"featured_media":241066,"comment_status":"closed","ping_status":"closed","sticky":false,"template":"","format":"standard","meta":{"footnotes":""},"categories":[498,17988,496],"tags":[],"class_list":["post-241062","post","type-post","status-publish","format-standard","has-post-thumbnail","","category-dunya-turnuvalari","category-son-haberler","category-spor"],"_links":{"self":[{"href":"https:\/\/archive.sana.sy\/tr\/index.php?rest_route=\/wp\/v2\/posts\/241062","targetHints":{"allow":["GET"]}}],"collection":[{"href":"https:\/\/archive.sana.sy\/tr\/index.php?rest_route=\/wp\/v2\/posts"}],"about":[{"href":"https:\/\/archive.sana.sy\/tr\/index.php?rest_route=\/wp\/v2\/types\/post"}],"author":[{"embeddable":true,"href":"https:\/\/archive.sana.sy\/tr\/index.php?rest_route=\/wp\/v2\/users\/1"}],"replies":[{"embeddable":true,"href":"https:\/\/archive.sana.sy\/tr\/index.php?rest_route=%2Fwp%2Fv2%2Fcomments&post=241062"}],"version-history":[{"count":0,"href":"https:\/\/archive.sana.sy\/tr\/index.php?rest_route=\/wp\/v2\/posts\/241062\/revisions"}],"wp:featuredmedia":[{"embeddable":true,"href":"https:\/\/archive.sana.sy\/tr\/index.php?rest_route=\/wp\/v2\/media\/241066"}],"wp:attachment":[{"href":"https:\/\/archive.sana.sy\/tr\/index.php?rest_route=%2Fwp%2Fv2%2Fmedia&parent=241062"}],"wp:term":[{"taxonomy":"category","embeddable":true,"href":"https:\/\/archive.sana.sy\/tr\/index.php?rest_route=%2Fwp%2Fv2%2Fcategories&post=241062"},{"taxonomy":"post_tag","embeddable":true,"href":"https:\/\/archive.sana.sy\/tr\/index.php?rest_route=%2Fwp%2Fv2%2Ftags&post=241062"}],"curies":[{"name":"wp","href":"https:\/\/api.w.org\/{rel}","templated":true}]}}