{"id":24109,"date":"2015-02-16T13:23:12","date_gmt":"2015-02-16T11:23:12","guid":{"rendered":"http:\/\/www.sana.sy\/tr\/?p=24109"},"modified":"2015-02-16T15:24:59","modified_gmt":"2015-02-16T13:24:59","slug":"teror-eylemleri-sonucunda-meydana-gelen-hasar-raporlaniyor","status":"publish","type":"post","link":"https:\/\/archive.sana.sy\/tr\/?p=24109","title":{"rendered":"Ter\u00f6r Eylemleri Sonucunda Meydana Gelen Hasar Raporlan\u0131yor"},"content":{"rendered":"<p>\u015eAM \u2013 \u0130\u015f\u00e7i Sendikalar\u0131 \u015eam \u015fubesi bug\u00fcn Adra B\u00f6lgesinde sendika \u00fcyelerine ait kurum ve fabrikalar\u0131n ter\u00f6r eylemleri neticesinde maruz kald\u0131klar\u0131 maddi hasar\u0131 inceleyip belgeleyecek bir komite te\u015fkil etti.<\/p>\n<p>Sendikaya tabi kurumlara yeni y\u00fcr\u00fctme meclislerinin te\u015fkil edilmesi karar\u0131n\u0131 onaylayan \u015eam i\u015f\u00e7i sendika kurulu; sosyal dayan\u0131\u015fma fonu, t\u0131bbi hizmet ve faaliyet fonu ve i\u015f\u00e7i spor kul\u00fcb\u00fcn\u00fcn\u00a0yeni y\u00fcr\u00fctme meclislerini se\u00e7ti.<\/p>\n<p>\u015eam \u0130\u015f\u00e7i Sendikas\u0131nda bas\u0131n ve k\u00fclt\u00fcr sekreteri S\u00fcreyya M\u00fcslimaniye sendikan\u0131n haftal\u0131k oturumlar\u0131nda t\u00fcm faaliyet ve \u00e7al\u0131\u015fmalar\u0131n\u0131 de\u011ferlendirdi\u011fini s\u00f6yledi. M\u00fcslimaniye sendikan\u0131n i\u015f\u00e7ilerin kar\u015f\u0131la\u015ft\u0131klar\u0131 zorluklar\u0131 \u00e7\u00f6zme amac\u0131yla bulundu\u011fu \u00e7al\u0131\u015fmalar ve saha ziyaretlerine dikkat \u00e7ekti.<\/p>\n<p>A.A. &#8211; R.H.<\/p>\n","protected":false},"excerpt":{"rendered":"<p>\u015eAM \u2013 \u0130\u015f\u00e7i Sendikalar\u0131 \u015eam \u015fubesi bug\u00fcn Adra B\u00f6lgesinde sendika \u00fcyelerine ait kurum ve fabrikalar\u0131n ter\u00f6r eylemleri neticesinde maruz kald\u0131klar\u0131 maddi hasar\u0131 inceleyip belgeleyecek bir komite te\u015fkil etti. Sendikaya tabi kurumlara yeni y\u00fcr\u00fctme meclislerinin te\u015fkil edilmesi karar\u0131n\u0131 onaylayan \u015eam i\u015f\u00e7i sendika kurulu; sosyal dayan\u0131\u015fma fonu, t\u0131bbi hizmet ve faaliyet fonu ve i\u015f\u00e7i spor kul\u00fcb\u00fcn\u00fcn\u00a0yeni y\u00fcr\u00fctme &hellip;<\/p>\n","protected":false},"author":1,"featured_media":24110,"comment_status":"closed","ping_status":"closed","sticky":false,"template":"","format":"standard","meta":{"footnotes":""},"categories":[479,478],"tags":[11558],"class_list":["post-24109","post","type-post","status-publish","format-standard","has-post-thumbnail","","category-haberler-yerel","category-yerel","tag-teror-eylemleri-sonucunda-meydana-gelen-hasar-raporlaniyor-sam-isci-sendikalari-sam-subesi-bugun-adra-bolgesinde-sendika-uyelerine-ait-kurum-ve-fabrikalarin-teror-eylemleri-neticesinde-maruz"],"_links":{"self":[{"href":"https:\/\/archive.sana.sy\/tr\/index.php?rest_route=\/wp\/v2\/posts\/24109","targetHints":{"allow":["GET"]}}],"collection":[{"href":"https:\/\/archive.sana.sy\/tr\/index.php?rest_route=\/wp\/v2\/posts"}],"about":[{"href":"https:\/\/archive.sana.sy\/tr\/index.php?rest_route=\/wp\/v2\/types\/post"}],"author":[{"embeddable":true,"href":"https:\/\/archive.sana.sy\/tr\/index.php?rest_route=\/wp\/v2\/users\/1"}],"replies":[{"embeddable":true,"href":"https:\/\/archive.sana.sy\/tr\/index.php?rest_route=%2Fwp%2Fv2%2Fcomments&post=24109"}],"version-history":[{"count":0,"href":"https:\/\/archive.sana.sy\/tr\/index.php?rest_route=\/wp\/v2\/posts\/24109\/revisions"}],"wp:featuredmedia":[{"embeddable":true,"href":"https:\/\/archive.sana.sy\/tr\/index.php?rest_route=\/wp\/v2\/media\/24110"}],"wp:attachment":[{"href":"https:\/\/archive.sana.sy\/tr\/index.php?rest_route=%2Fwp%2Fv2%2Fmedia&parent=24109"}],"wp:term":[{"taxonomy":"category","embeddable":true,"href":"https:\/\/archive.sana.sy\/tr\/index.php?rest_route=%2Fwp%2Fv2%2Fcategories&post=24109"},{"taxonomy":"post_tag","embeddable":true,"href":"https:\/\/archive.sana.sy\/tr\/index.php?rest_route=%2Fwp%2Fv2%2Ftags&post=24109"}],"curies":[{"name":"wp","href":"https:\/\/api.w.org\/{rel}","templated":true}]}}