{"id":241103,"date":"2021-08-13T12:19:49","date_gmt":"2021-08-13T09:19:49","guid":{"rendered":"http:\/\/107.6.182.27\/tr\/?p=241103"},"modified":"2021-08-14T12:27:49","modified_gmt":"2021-08-14T09:27:49","slug":"birlesik-arap-masa-tenisi-sampiyonasinda-suriye-takimi-altin-kazandi","status":"publish","type":"post","link":"https:\/\/archive.sana.sy\/tr\/?p=241103","title":{"rendered":"Birle\u015fik Arap Masa Tenisi \u015eampiyonas\u0131\u2019nda Suriye Tak\u0131m\u0131 Alt\u0131n Kazand\u0131"},"content":{"rendered":"<p>AMMAN \u2013 Suriye kad\u0131n masa tenisi tak\u0131m\u0131, \u00dcrd\u00fcn&#8217;\u00fcn ba\u015fkenti Amman&#8217;da d\u00fczenlenen Birle\u015fik Arap \u015eampiyonas\u0131&#8217;nda M\u0131s\u0131rl\u0131 mevkida\u015f\u0131n\u0131 \u00fc\u00e7e bir yenerek alt\u0131n madalya kazand\u0131.<\/p>\n<p>Tak\u0131m\u0131m\u0131z grubunu lider bitiren ve yar\u0131 finalde \u00dcrd\u00fcn tak\u0131m\u0131n\u0131 \u00fc\u00e7e bir yenen tak\u0131m\u0131m\u0131z finale y\u00fckseldi.<\/p>\n<p>Suriye milli tak\u0131m\u0131n\u0131 oyuncular Hind Zaza, Anana K\u00fcrdiye ve Naya S\u00fcleyman temsil etti.<\/p>\n","protected":false},"excerpt":{"rendered":"<p>AMMAN \u2013 Suriye kad\u0131n masa tenisi tak\u0131m\u0131, \u00dcrd\u00fcn&#8217;\u00fcn ba\u015fkenti Amman&#8217;da d\u00fczenlenen Birle\u015fik Arap \u015eampiyonas\u0131&#8217;nda M\u0131s\u0131rl\u0131 mevkida\u015f\u0131n\u0131 \u00fc\u00e7e bir yenerek alt\u0131n madalya kazand\u0131. Tak\u0131m\u0131m\u0131z grubunu lider bitiren ve yar\u0131 finalde \u00dcrd\u00fcn tak\u0131m\u0131n\u0131 \u00fc\u00e7e bir yenen tak\u0131m\u0131m\u0131z finale y\u00fckseldi. Suriye milli tak\u0131m\u0131n\u0131 oyuncular Hind Zaza, Anana K\u00fcrdiye ve Naya S\u00fcleyman temsil etti.<\/p>\n","protected":false},"author":36,"featured_media":241109,"comment_status":"closed","ping_status":"closed","sticky":false,"template":"","format":"standard","meta":{"footnotes":""},"categories":[458,498,459,17988,496],"tags":[],"class_list":["post-241103","post","type-post","status-publish","format-standard","has-post-thumbnail","","category-dunya1","category-dunya-turnuvalari","category-haberler-arap-uluslararasi-politika","category-son-haberler","category-spor"],"_links":{"self":[{"href":"https:\/\/archive.sana.sy\/tr\/index.php?rest_route=\/wp\/v2\/posts\/241103","targetHints":{"allow":["GET"]}}],"collection":[{"href":"https:\/\/archive.sana.sy\/tr\/index.php?rest_route=\/wp\/v2\/posts"}],"about":[{"href":"https:\/\/archive.sana.sy\/tr\/index.php?rest_route=\/wp\/v2\/types\/post"}],"author":[{"embeddable":true,"href":"https:\/\/archive.sana.sy\/tr\/index.php?rest_route=\/wp\/v2\/users\/36"}],"replies":[{"embeddable":true,"href":"https:\/\/archive.sana.sy\/tr\/index.php?rest_route=%2Fwp%2Fv2%2Fcomments&post=241103"}],"version-history":[{"count":0,"href":"https:\/\/archive.sana.sy\/tr\/index.php?rest_route=\/wp\/v2\/posts\/241103\/revisions"}],"wp:featuredmedia":[{"embeddable":true,"href":"https:\/\/archive.sana.sy\/tr\/index.php?rest_route=\/wp\/v2\/media\/241109"}],"wp:attachment":[{"href":"https:\/\/archive.sana.sy\/tr\/index.php?rest_route=%2Fwp%2Fv2%2Fmedia&parent=241103"}],"wp:term":[{"taxonomy":"category","embeddable":true,"href":"https:\/\/archive.sana.sy\/tr\/index.php?rest_route=%2Fwp%2Fv2%2Fcategories&post=241103"},{"taxonomy":"post_tag","embeddable":true,"href":"https:\/\/archive.sana.sy\/tr\/index.php?rest_route=%2Fwp%2Fv2%2Ftags&post=241103"}],"curies":[{"name":"wp","href":"https:\/\/api.w.org\/{rel}","templated":true}]}}