{"id":241106,"date":"2021-08-13T12:49:08","date_gmt":"2021-08-13T09:49:08","guid":{"rendered":"http:\/\/107.6.182.27\/tr\/?p=241106"},"modified":"2021-08-14T07:59:35","modified_gmt":"2021-08-14T04:59:35","slug":"amerikan-isgali-calinti-suriye-petrolu-iraka-kacirmaya-devam-ediyor-3","status":"publish","type":"post","link":"https:\/\/archive.sana.sy\/tr\/?p=241106","title":{"rendered":"Amerikan \u0130\u015fgali \u00c7al\u0131nt\u0131 Suriye Petrol\u00fc Irak\u2019a Ka\u00e7\u0131rmaya Devam Ediyor"},"content":{"rendered":"<p>HASEKE \u2013 Amerikan i\u015fgal g\u00fc\u00e7leri, Suriye&#8217;den \u00e7al\u0131nan petrol y\u00fckl\u00fc tankerlerin da aralar\u0131nda bulundu\u011fu 55 ara\u00e7tan olu\u015fan bir konvoyu yasad\u0131\u015f\u0131 El Valid ge\u00e7idinden Irak topraklar\u0131na do\u011fru ka\u00e7\u0131rd\u0131.<\/p>\n<p>Yarubiye k\u0131rsal\u0131ndan yerel kaynaklar SANA muhabirine, Amerikan i\u015fgal g\u00fc\u00e7lerinin, \u00e7al\u0131nan Suriye petrol\u00fcyle dolu tankerlerin yan\u0131 s\u0131ra tankerler, y\u00fckl\u00fc ve kapal\u0131 kamyonlar ve termokinglerinden olu\u015fan 25 ara\u00e7l\u0131k bir konvoyun, yasad\u0131\u015f\u0131 &#8220;El Velid&#8221; ge\u00e7idinden Irak&#8217;a do\u011fru y\u00f6nlendi\u011fini belirtti.<\/p>\n<p>Kaynaklar, Amerikan i\u015fgal g\u00fc\u00e7lerinin, aralar\u0131nda \u00e7al\u0131nan Suriye petrol\u00fc ta\u015f\u0131yan tankerlerin ve i\u015fgale ait \u00e7ok say\u0131da z\u0131rhl\u0131 arac\u0131n da bulundu\u011fu 30 ara\u00e7tan olu\u015fan bir konvoyun da, Irak ile yasad\u0131\u015f\u0131 El Velid g\u00e7idine y\u00f6neldi\u011fine dikkat \u00e7ekti.<\/p>\n","protected":false},"excerpt":{"rendered":"<p>HASEKE \u2013 Amerikan i\u015fgal g\u00fc\u00e7leri, Suriye&#8217;den \u00e7al\u0131nan petrol y\u00fckl\u00fc tankerlerin da aralar\u0131nda bulundu\u011fu 55 ara\u00e7tan olu\u015fan bir konvoyu yasad\u0131\u015f\u0131 El Valid ge\u00e7idinden Irak topraklar\u0131na do\u011fru ka\u00e7\u0131rd\u0131. Yarubiye k\u0131rsal\u0131ndan yerel kaynaklar SANA muhabirine, Amerikan i\u015fgal g\u00fc\u00e7lerinin, \u00e7al\u0131nan Suriye petrol\u00fcyle dolu tankerlerin yan\u0131 s\u0131ra tankerler, y\u00fckl\u00fc ve kapal\u0131 kamyonlar ve termokinglerinden olu\u015fan 25 ara\u00e7l\u0131k bir konvoyun, yasad\u0131\u015f\u0131 &hellip;<\/p>\n","protected":false},"author":36,"featured_media":241107,"comment_status":"closed","ping_status":"closed","sticky":false,"template":"","format":"standard","meta":{"footnotes":""},"categories":[479,575,17988,478],"tags":[],"class_list":["post-241106","post","type-post","status-publish","format-standard","has-post-thumbnail","","category-haberler-yerel","category-olaylar-ve-gercekler","category-son-haberler","category-yerel"],"_links":{"self":[{"href":"https:\/\/archive.sana.sy\/tr\/index.php?rest_route=\/wp\/v2\/posts\/241106","targetHints":{"allow":["GET"]}}],"collection":[{"href":"https:\/\/archive.sana.sy\/tr\/index.php?rest_route=\/wp\/v2\/posts"}],"about":[{"href":"https:\/\/archive.sana.sy\/tr\/index.php?rest_route=\/wp\/v2\/types\/post"}],"author":[{"embeddable":true,"href":"https:\/\/archive.sana.sy\/tr\/index.php?rest_route=\/wp\/v2\/users\/36"}],"replies":[{"embeddable":true,"href":"https:\/\/archive.sana.sy\/tr\/index.php?rest_route=%2Fwp%2Fv2%2Fcomments&post=241106"}],"version-history":[{"count":0,"href":"https:\/\/archive.sana.sy\/tr\/index.php?rest_route=\/wp\/v2\/posts\/241106\/revisions"}],"wp:featuredmedia":[{"embeddable":true,"href":"https:\/\/archive.sana.sy\/tr\/index.php?rest_route=\/wp\/v2\/media\/241107"}],"wp:attachment":[{"href":"https:\/\/archive.sana.sy\/tr\/index.php?rest_route=%2Fwp%2Fv2%2Fmedia&parent=241106"}],"wp:term":[{"taxonomy":"category","embeddable":true,"href":"https:\/\/archive.sana.sy\/tr\/index.php?rest_route=%2Fwp%2Fv2%2Fcategories&post=241106"},{"taxonomy":"post_tag","embeddable":true,"href":"https:\/\/archive.sana.sy\/tr\/index.php?rest_route=%2Fwp%2Fv2%2Ftags&post=241106"}],"curies":[{"name":"wp","href":"https:\/\/api.w.org\/{rel}","templated":true}]}}