{"id":241110,"date":"2021-08-13T17:57:11","date_gmt":"2021-08-13T14:57:11","guid":{"rendered":"http:\/\/107.6.182.27\/tr\/?p=241110"},"modified":"2021-08-14T14:44:05","modified_gmt":"2021-08-14T11:44:05","slug":"homs-kirsalindaki-mestaya-beldesinin-arazilerinde-cikan-yangin-sonduruldu-video","status":"publish","type":"post","link":"https:\/\/archive.sana.sy\/tr\/?p=241110","title":{"rendered":"Homs K\u0131rsal\u0131ndaki Me\u015ftaya Beldesinin Arazilerinde \u00c7\u0131kan Yang\u0131n S\u00f6nd\u00fcr\u00fcld\u00fc (V\u0130DEO)"},"content":{"rendered":"<p style=\"text-align: justify;\">HOMS \u2013 Homs \u0130tfaiye ekipleri b\u00f6lge ahalilerle birlikte Homs k\u0131rsal\u0131ndaki Vadi el Nadara b\u00f6lgesinde yer alan Me\u015ftaya Beldesinin arazilerine \u00e7\u0131kan yan\u0131g\u0131n\u0131 s\u00f6nd\u00fcrd\u00fc.<\/p>\n<p style=\"text-align: justify;\">Telkalah Orman \u015eube M\u00fcd\u00fcr\u00fc Elyas Bitar, itfaiye ekiplerinin mahalle sakinleri ile i\u015fbirli\u011fi yaparak tar\u0131m arazilerinde \u00e7\u0131kan yang\u0131n\u0131 kontrol alt\u0131na almak i\u00e7in hemen harekete ge\u00e7tiklerini s\u00f6yledi. Bitar, yang\u0131n\u0131n vatanda\u015flar\u0131n evlerine yay\u0131lmas\u0131n\u0131 ba\u015far\u0131yla engelledi\u011fini s\u00f6zlerine eklerken, yang\u0131n\u0131n yenilenmesini \u00f6nlemek i\u00e7in so\u011futma ve izleme i\u015flemlerinin ger\u00e7ekle\u015ftirildi\u011fine i\u015faret etti<\/p>\n<p style=\"text-align: justify;\">Bitar ayr\u0131ca, \u00e7\u0131kan yang\u0131n sonucunda yanan alan\u0131n yakla\u015f\u0131k 4 d\u00f6n\u00fcm olarak tahmin edildi\u011fini belirtti.<\/p>\n<p>P.M.<\/p>\n<div id='gallery-1' class='gallery galleryid-241110 gallery-columns-3 gallery-size-medium'><figure class='gallery-item'>\n\t\t\t<div class='gallery-icon landscape'>\n\t\t\t\t<a href='https:\/\/archive.sana.sy\/tr\/wp-content\/uploads\/2021\/08\/1-10.jpg'><img loading=\"lazy\" decoding=\"async\" width=\"300\" height=\"180\" src=\"https:\/\/archive.sana.sy\/tr\/wp-content\/uploads\/2021\/08\/1-10-300x180.jpg\" class=\"attachment-medium size-medium\" alt=\"\" srcset=\"https:\/\/archive.sana.sy\/tr\/wp-content\/uploads\/2021\/08\/1-10-300x180.jpg 300w, https:\/\/archive.sana.sy\/tr\/wp-content\/uploads\/2021\/08\/1-10-150x90.jpg 150w, https:\/\/archive.sana.sy\/tr\/wp-content\/uploads\/2021\/08\/1-10.jpg 660w\" sizes=\"auto, (max-width: 300px) 100vw, 300px\" \/><\/a>\n\t\t\t<\/div><\/figure><figure class='gallery-item'>\n\t\t\t<div class='gallery-icon landscape'>\n\t\t\t\t<a href='https:\/\/archive.sana.sy\/tr\/wp-content\/uploads\/2021\/08\/2-10.jpg'><img loading=\"lazy\" decoding=\"async\" width=\"300\" height=\"186\" src=\"https:\/\/archive.sana.sy\/tr\/wp-content\/uploads\/2021\/08\/2-10-300x186.jpg\" class=\"attachment-medium size-medium\" alt=\"\" srcset=\"https:\/\/archive.sana.sy\/tr\/wp-content\/uploads\/2021\/08\/2-10-300x186.jpg 300w, https:\/\/archive.sana.sy\/tr\/wp-content\/uploads\/2021\/08\/2-10-150x93.jpg 150w, https:\/\/archive.sana.sy\/tr\/wp-content\/uploads\/2021\/08\/2-10.jpg 660w\" sizes=\"auto, (max-width: 300px) 100vw, 300px\" \/><\/a>\n\t\t\t<\/div><\/figure><figure class='gallery-item'>\n\t\t\t<div class='gallery-icon landscape'>\n\t\t\t\t<a href='https:\/\/archive.sana.sy\/tr\/wp-content\/uploads\/2021\/08\/3-12.jpg'><img loading=\"lazy\" decoding=\"async\" width=\"300\" height=\"225\" src=\"https:\/\/archive.sana.sy\/tr\/wp-content\/uploads\/2021\/08\/3-12-300x225.jpg\" class=\"attachment-medium size-medium\" alt=\"\" srcset=\"https:\/\/archive.sana.sy\/tr\/wp-content\/uploads\/2021\/08\/3-12-300x225.jpg 300w, https:\/\/archive.sana.sy\/tr\/wp-content\/uploads\/2021\/08\/3-12-150x113.jpg 150w, https:\/\/archive.sana.sy\/tr\/wp-content\/uploads\/2021\/08\/3-12.jpg 660w\" sizes=\"auto, (max-width: 300px) 100vw, 300px\" \/><\/a>\n\t\t\t<\/div><\/figure>\n\t\t<\/div>\n\n","protected":false},"excerpt":{"rendered":"<p>HOMS \u2013 Homs \u0130tfaiye ekipleri b\u00f6lge ahalilerle birlikte Homs k\u0131rsal\u0131ndaki Vadi el Nadara b\u00f6lgesinde yer alan Me\u015ftaya Beldesinin arazilerine \u00e7\u0131kan yan\u0131g\u0131n\u0131 s\u00f6nd\u00fcrd\u00fc. Telkalah Orman \u015eube M\u00fcd\u00fcr\u00fc Elyas Bitar, itfaiye ekiplerinin mahalle sakinleri ile i\u015fbirli\u011fi yaparak tar\u0131m arazilerinde \u00e7\u0131kan yang\u0131n\u0131 kontrol alt\u0131na almak i\u00e7in hemen harekete ge\u00e7tiklerini s\u00f6yledi. Bitar, yang\u0131n\u0131n vatanda\u015flar\u0131n evlerine yay\u0131lmas\u0131n\u0131 ba\u015far\u0131yla engelledi\u011fini s\u00f6zlerine &hellip;<\/p>\n","protected":false},"author":1,"featured_media":241111,"comment_status":"closed","ping_status":"closed","sticky":false,"template":"","format":"standard","meta":{"footnotes":""},"categories":[479,17988,478],"tags":[],"class_list":["post-241110","post","type-post","status-publish","format-standard","has-post-thumbnail","","category-haberler-yerel","category-son-haberler","category-yerel"],"_links":{"self":[{"href":"https:\/\/archive.sana.sy\/tr\/index.php?rest_route=\/wp\/v2\/posts\/241110","targetHints":{"allow":["GET"]}}],"collection":[{"href":"https:\/\/archive.sana.sy\/tr\/index.php?rest_route=\/wp\/v2\/posts"}],"about":[{"href":"https:\/\/archive.sana.sy\/tr\/index.php?rest_route=\/wp\/v2\/types\/post"}],"author":[{"embeddable":true,"href":"https:\/\/archive.sana.sy\/tr\/index.php?rest_route=\/wp\/v2\/users\/1"}],"replies":[{"embeddable":true,"href":"https:\/\/archive.sana.sy\/tr\/index.php?rest_route=%2Fwp%2Fv2%2Fcomments&post=241110"}],"version-history":[{"count":0,"href":"https:\/\/archive.sana.sy\/tr\/index.php?rest_route=\/wp\/v2\/posts\/241110\/revisions"}],"wp:featuredmedia":[{"embeddable":true,"href":"https:\/\/archive.sana.sy\/tr\/index.php?rest_route=\/wp\/v2\/media\/241111"}],"wp:attachment":[{"href":"https:\/\/archive.sana.sy\/tr\/index.php?rest_route=%2Fwp%2Fv2%2Fmedia&parent=241110"}],"wp:term":[{"taxonomy":"category","embeddable":true,"href":"https:\/\/archive.sana.sy\/tr\/index.php?rest_route=%2Fwp%2Fv2%2Fcategories&post=241110"},{"taxonomy":"post_tag","embeddable":true,"href":"https:\/\/archive.sana.sy\/tr\/index.php?rest_route=%2Fwp%2Fv2%2Ftags&post=241110"}],"curies":[{"name":"wp","href":"https:\/\/api.w.org\/{rel}","templated":true}]}}