{"id":24117,"date":"2015-02-16T15:45:34","date_gmt":"2015-02-16T13:45:34","guid":{"rendered":"http:\/\/www.sana.sy\/tr\/?p=24117"},"modified":"2015-02-16T14:56:19","modified_gmt":"2015-02-16T12:56:19","slug":"abdli-helikopterler-isidlilere-havadan-sandiklari-birakiyor","status":"publish","type":"post","link":"https:\/\/archive.sana.sy\/tr\/?p=24117","title":{"rendered":"ABD\u2019li Helikopterler I\u015e\u0130D\u2019lilere Havadan Sand\u0131klar\u0131 B\u0131rak\u0131yor"},"content":{"rendered":"<p>BA\u011eDAT \u2013 Irak\u2019taki Hizbullah Taburlar\u0131n\u0131n istihbarat\u0131 ABD\u2019li helikopterlerin Felluca Kentinin do\u011fusunda I\u015e\u0130D tekfircilerinin yo\u011fun olarak bulunduklar\u0131 kuyular b\u00f6lgesinde al\u00e7ak u\u00e7u\u015flarda bulunup ter\u00f6ristlere i\u00e7eri\u011fi me\u00e7hul sand\u0131klar att\u0131klar\u0131n\u0131 ortaya \u00e7\u0131kard\u0131.<\/p>\n<p>\u0130stihbaratta yetkili bir kaynak bir n\u00fcshas\u0131 SANA\u2019ya ula\u015ft\u0131r\u0131lan bildirisinde; ABD helikopterlerinin de\u015fifre olmamak i\u00e7in I\u015e\u0130D\u2019e sand\u0131klar b\u0131rakma operasyonunu g\u00f6r\u00fc\u015f zorlu\u011funun oldu\u011fu g\u00fcn bat\u0131m\u0131 saatlerinde ger\u00e7ekle\u015ftirdiklerine dikkat \u00e7ekti.<\/p>\n<p>Beyanda Hizbullah taburlar\u0131 istihbarat\u0131n\u0131n 5 ocak tarihinde ABD\u2019li bir helikopterin s\u00f6z konusu kuyular b\u00f6lgesinde sivil bir arac\u0131n \u00fcst\u00fcnde havada bekleyip araca i\u00e7eri\u011fi me\u00e7hul sand\u0131klar\u0131 b\u0131rakt\u0131\u011f\u0131n\u0131 g\u00f6r\u00fcnt\u00fcleyen bir videoya ula\u015ft\u0131\u011f\u0131 kaydedildi.<\/p>\n<p>A.A.<\/p>\n","protected":false},"excerpt":{"rendered":"<p>BA\u011eDAT \u2013 Irak\u2019taki Hizbullah Taburlar\u0131n\u0131n istihbarat\u0131 ABD\u2019li helikopterlerin Felluca Kentinin do\u011fusunda I\u015e\u0130D tekfircilerinin yo\u011fun olarak bulunduklar\u0131 kuyular b\u00f6lgesinde al\u00e7ak u\u00e7u\u015flarda bulunup ter\u00f6ristlere i\u00e7eri\u011fi me\u00e7hul sand\u0131klar att\u0131klar\u0131n\u0131 ortaya \u00e7\u0131kard\u0131. \u0130stihbaratta yetkili bir kaynak bir n\u00fcshas\u0131 SANA\u2019ya ula\u015ft\u0131r\u0131lan bildirisinde; ABD helikopterlerinin de\u015fifre olmamak i\u00e7in I\u015e\u0130D\u2019e sand\u0131klar b\u0131rakma operasyonunu g\u00f6r\u00fc\u015f zorlu\u011funun oldu\u011fu g\u00fcn bat\u0131m\u0131 saatlerinde ger\u00e7ekle\u015ftirdiklerine dikkat \u00e7ekti. &hellip;<\/p>\n","protected":false},"author":1,"featured_media":24118,"comment_status":"closed","ping_status":"closed","sticky":false,"template":"","format":"standard","meta":{"footnotes":""},"categories":[458,459,447],"tags":[11560],"class_list":["post-24117","post","type-post","status-publish","format-standard","has-post-thumbnail","","category-dunya1","category-haberler-arap-uluslararasi-politika","category-politika","tag-abdli-helikopterler-isidlilere-havadan-sandiklari-birakiyor-bagdat-iraktaki-hizbullah-taburlarinin-istihbarati-abdli-helikopterlerin-felluca-kentinin-dogu"],"_links":{"self":[{"href":"https:\/\/archive.sana.sy\/tr\/index.php?rest_route=\/wp\/v2\/posts\/24117","targetHints":{"allow":["GET"]}}],"collection":[{"href":"https:\/\/archive.sana.sy\/tr\/index.php?rest_route=\/wp\/v2\/posts"}],"about":[{"href":"https:\/\/archive.sana.sy\/tr\/index.php?rest_route=\/wp\/v2\/types\/post"}],"author":[{"embeddable":true,"href":"https:\/\/archive.sana.sy\/tr\/index.php?rest_route=\/wp\/v2\/users\/1"}],"replies":[{"embeddable":true,"href":"https:\/\/archive.sana.sy\/tr\/index.php?rest_route=%2Fwp%2Fv2%2Fcomments&post=24117"}],"version-history":[{"count":0,"href":"https:\/\/archive.sana.sy\/tr\/index.php?rest_route=\/wp\/v2\/posts\/24117\/revisions"}],"wp:featuredmedia":[{"embeddable":true,"href":"https:\/\/archive.sana.sy\/tr\/index.php?rest_route=\/wp\/v2\/media\/24118"}],"wp:attachment":[{"href":"https:\/\/archive.sana.sy\/tr\/index.php?rest_route=%2Fwp%2Fv2%2Fmedia&parent=24117"}],"wp:term":[{"taxonomy":"category","embeddable":true,"href":"https:\/\/archive.sana.sy\/tr\/index.php?rest_route=%2Fwp%2Fv2%2Fcategories&post=24117"},{"taxonomy":"post_tag","embeddable":true,"href":"https:\/\/archive.sana.sy\/tr\/index.php?rest_route=%2Fwp%2Fv2%2Ftags&post=24117"}],"curies":[{"name":"wp","href":"https:\/\/api.w.org\/{rel}","templated":true}]}}