{"id":24121,"date":"2015-02-16T15:50:06","date_gmt":"2015-02-16T13:50:06","guid":{"rendered":"http:\/\/www.sana.sy\/tr\/?p=24121"},"modified":"2015-02-17T19:25:39","modified_gmt":"2015-02-17T17:25:39","slug":"suriyenin-dost-venezuella-halki-ve-yonetimiyle-dayanismasini-belirtti","status":"publish","type":"post","link":"https:\/\/archive.sana.sy\/tr\/?p=24121","title":{"rendered":"Suriye&#8217;nin Dost Venez\u00fcella Halk\u0131 ve Y\u00f6netimiyle Dayan\u0131\u015fmas\u0131n\u0131 Belirtti"},"content":{"rendered":"<p>\u015eAM \u2013 Suriye Arap Cumhuriyeti dost Venez\u00fcella Cumhuriyetinin ABD taraf\u0131ndan maruz kald\u0131\u011f\u0131 komployu k\u0131nad\u0131.<\/p>\n<p>D\u0131\u015fi\u015fleri ve Gurbet\u00e7iler Bakanl\u0131\u011f\u0131nda yetkili bir kaynak bug\u00fcn SANA\u2019ya yapt\u0131\u011f\u0131 a\u00e7\u0131klamada; Suriye&#8217;nin dost Venez\u00fcella halk\u0131n\u0131n ekonomik, siyasi ve sosyal ba\u015far\u0131lar\u0131n\u0131 sabote etmeyi hedefleyen ABD komplosunu endi\u015feyle izledi\u011fini ifade etti.<\/p>\n<p>Kaynak Suriye&#8217;nin \u00f6zellikle Venez\u00fcella Ba\u015fkan\u0131 Nicolas Maduro\u2019nun hayat\u0131n\u0131 hedef alan ve ABD politikalar\u0131yla ba\u011flant\u0131l\u0131 olan dairelerin planlad\u0131\u011f\u0131 darbeyi protesto edip k\u0131nad\u0131\u011f\u0131n\u0131 belirtti.<\/p>\n<p>Suriye&#8217;nin dost Venez\u00fcella halk\u0131 ve y\u00f6netimi ile tarihi dostluk ili\u015fkilerine dikkat \u00e7eken kaynak; Suriye&#8217;nin devlet ve halk olarak Venez\u00fcella halk\u0131 ve y\u00f6netimiyle dayan\u0131\u015fmas\u0131n\u0131 ifade etti.<\/p>\n<p>Bu arada Venez\u00fcella Ba\u015fkan\u0131 Maduro birka\u00e7 g\u00fcn \u00f6nce \u00fclkede istikrar, g\u00fcvenlik ve demokrasiyi baltalama amac\u0131yla ABD taraf\u0131ndan desteklenen bir darbe giri\u015fimine maruz kald\u0131\u011f\u0131n\u0131, bu darbeyi \u00e7\u00f6kertmeyi ba\u015fard\u0131\u011f\u0131n\u0131 ilan etmi\u015fti.<\/p>\n<p>A.A.<\/p>\n","protected":false},"excerpt":{"rendered":"<p>\u015eAM \u2013 Suriye Arap Cumhuriyeti dost Venez\u00fcella Cumhuriyetinin ABD taraf\u0131ndan maruz kald\u0131\u011f\u0131 komployu k\u0131nad\u0131. D\u0131\u015fi\u015fleri ve Gurbet\u00e7iler Bakanl\u0131\u011f\u0131nda yetkili bir kaynak bug\u00fcn SANA\u2019ya yapt\u0131\u011f\u0131 a\u00e7\u0131klamada; Suriye&#8217;nin dost Venez\u00fcella halk\u0131n\u0131n ekonomik, siyasi ve sosyal ba\u015far\u0131lar\u0131n\u0131 sabote etmeyi hedefleyen ABD komplosunu endi\u015feyle izledi\u011fini ifade etti. Kaynak Suriye&#8217;nin \u00f6zellikle Venez\u00fcella Ba\u015fkan\u0131 Nicolas Maduro\u2019nun hayat\u0131n\u0131 hedef alan ve ABD &hellip;<\/p>\n","protected":false},"author":1,"featured_media":20100,"comment_status":"closed","ping_status":"closed","sticky":false,"template":"","format":"standard","meta":{"footnotes":""},"categories":[479,478],"tags":[11561],"class_list":["post-24121","post","type-post","status-publish","format-standard","has-post-thumbnail","","category-haberler-yerel","category-yerel","tag-suriyenin-dost-venezuella-halki-ve-yonetimiyle-dayanismasini-belirtti-sam-suriye-arap-cumhuriyeti-dost-venezuella-cumhuriyetinin-abd-tarafindan-maruz-kaldigi-komployu-kinadi"],"_links":{"self":[{"href":"https:\/\/archive.sana.sy\/tr\/index.php?rest_route=\/wp\/v2\/posts\/24121","targetHints":{"allow":["GET"]}}],"collection":[{"href":"https:\/\/archive.sana.sy\/tr\/index.php?rest_route=\/wp\/v2\/posts"}],"about":[{"href":"https:\/\/archive.sana.sy\/tr\/index.php?rest_route=\/wp\/v2\/types\/post"}],"author":[{"embeddable":true,"href":"https:\/\/archive.sana.sy\/tr\/index.php?rest_route=\/wp\/v2\/users\/1"}],"replies":[{"embeddable":true,"href":"https:\/\/archive.sana.sy\/tr\/index.php?rest_route=%2Fwp%2Fv2%2Fcomments&post=24121"}],"version-history":[{"count":0,"href":"https:\/\/archive.sana.sy\/tr\/index.php?rest_route=\/wp\/v2\/posts\/24121\/revisions"}],"wp:featuredmedia":[{"embeddable":true,"href":"https:\/\/archive.sana.sy\/tr\/index.php?rest_route=\/wp\/v2\/media\/20100"}],"wp:attachment":[{"href":"https:\/\/archive.sana.sy\/tr\/index.php?rest_route=%2Fwp%2Fv2%2Fmedia&parent=24121"}],"wp:term":[{"taxonomy":"category","embeddable":true,"href":"https:\/\/archive.sana.sy\/tr\/index.php?rest_route=%2Fwp%2Fv2%2Fcategories&post=24121"},{"taxonomy":"post_tag","embeddable":true,"href":"https:\/\/archive.sana.sy\/tr\/index.php?rest_route=%2Fwp%2Fv2%2Ftags&post=24121"}],"curies":[{"name":"wp","href":"https:\/\/api.w.org\/{rel}","templated":true}]}}