{"id":24125,"date":"2015-02-16T15:38:48","date_gmt":"2015-02-16T13:38:48","guid":{"rendered":"http:\/\/www.sana.sy\/tr\/?p=24125"},"modified":"2015-02-17T19:25:50","modified_gmt":"2015-02-17T17:25:50","slug":"teroristlerin-bolge-halklarini-tehdit-eden-vahsetine-yeni-bir-kanit-teskil-ediyor","status":"publish","type":"post","link":"https:\/\/archive.sana.sy\/tr\/?p=24125","title":{"rendered":"Ter\u00f6ristlerin B\u00f6lge Halklar\u0131n\u0131 Tehdit Eden Vah\u015fetine Yeni Bir Kan\u0131t Te\u015fkil Ediyor"},"content":{"rendered":"<p>\u015eAM \u2013 Suriye Arap Cumhuriyeti tekfirci ter\u00f6r gruplar\u0131n\u0131n Libya&#8217;da M\u0131s\u0131rl\u0131 vatanda\u015flara y\u00f6nelik i\u015fledikleri insanl\u0131k d\u0131\u015f\u0131 vah\u015feti \u015fiddetle k\u0131nayarak bu \u00e7irkef eylemin tekfirci ter\u00f6ristlerin tabiat\u0131n\u0131 yans\u0131tt\u0131\u011f\u0131na dikkat \u00e7ekti.<\/p>\n<p>D\u0131\u015fi\u015fleri ve Gurbet\u00e7iler Bakanl\u0131\u011f\u0131nda yetkili bir kaynak bug\u00fcn SANA\u2019ya yapt\u0131\u011f\u0131 a\u00e7\u0131klamada; bu vah\u015fetin ter\u00f6r \u00f6rg\u00fctlerin b\u00f6lge devletleri ve halklar\u0131na kar\u015f\u0131 te\u015fkil ettikleri ciddi tehlikeye yeni bir kan\u0131t te\u015fkil etti\u011fine dikkat \u00e7ekti.<\/p>\n<p>Kaynak bu tehlikenin halklar\u0131n gelece\u011fini hatta t\u00fcm d\u00fcnyay\u0131 ciddi bir \u015fekilde tehdit eden tehlike haline geldiklerini belirtti.<\/p>\n<p>Bunun \u0131\u015f\u0131\u011f\u0131nda \u00f6zellikle Suriye ve M\u0131s\u0131r halklar\u0131 ba\u015fta olmak \u00fczere ter\u00f6rle m\u00fccadeleye \u00f6nem veren t\u00fcm devletlerin ciddi i\u015fbirli\u011fini ka\u00e7\u0131n\u0131lmaz hale geldi\u011fine vurgu yapan kaynak; bu \u00e7er\u00e7evede tekfirci ideoloji ve ter\u00f6r\u00fcn yay\u0131lmas\u0131na engel olmakla birlikte ter\u00f6re mali ve lojistik deste\u011fin kesilmesini \u00f6ng\u00f6ren uluslar aras\u0131 kararlar\u0131n hayata ge\u00e7irilmesini mutlak bir \u015fekilde gerektirdi\u011fini belirtti.<\/p>\n<p>Kaynak a\u00e7\u0131klamas\u0131n\u0131n sonunda D\u0131\u015fi\u015fleri ve Gurbet\u00e7iler Bakanl\u0131\u011f\u0131n\u0131n karde\u015f M\u0131s\u0131r halk\u0131 ve kurbanlar\u0131n ailelerine taziyelerini takdim etti.<\/p>\n<p>A.A. &#8211; M.M.<\/p>\n","protected":false},"excerpt":{"rendered":"<p>\u015eAM \u2013 Suriye Arap Cumhuriyeti tekfirci ter\u00f6r gruplar\u0131n\u0131n Libya&#8217;da M\u0131s\u0131rl\u0131 vatanda\u015flara y\u00f6nelik i\u015fledikleri insanl\u0131k d\u0131\u015f\u0131 vah\u015feti \u015fiddetle k\u0131nayarak bu \u00e7irkef eylemin tekfirci ter\u00f6ristlerin tabiat\u0131n\u0131 yans\u0131tt\u0131\u011f\u0131na dikkat \u00e7ekti. D\u0131\u015fi\u015fleri ve Gurbet\u00e7iler Bakanl\u0131\u011f\u0131nda yetkili bir kaynak bug\u00fcn SANA\u2019ya yapt\u0131\u011f\u0131 a\u00e7\u0131klamada; bu vah\u015fetin ter\u00f6r \u00f6rg\u00fctlerin b\u00f6lge devletleri ve halklar\u0131na kar\u015f\u0131 te\u015fkil ettikleri ciddi tehlikeye yeni bir kan\u0131t te\u015fkil &hellip;<\/p>\n","protected":false},"author":1,"featured_media":24126,"comment_status":"closed","ping_status":"closed","sticky":false,"template":"","format":"standard","meta":{"footnotes":""},"categories":[479,478],"tags":[11563,11562],"class_list":["post-24125","post","type-post","status-publish","format-standard","has-post-thumbnail","","category-haberler-yerel","category-yerel","tag-sam-suriye-arap-cumhuriyeti-tekfirci-teror-gruplarinin-libyada-misirli-vatandaslara-yonelik-isledikleri-insanlik-disi-vahseti-siddetle-kinayarak-bu-cirkef-eylemin-tekfirci-teroristlerin-tab","tag-teroristlerin-bolge-halklarini-tehdit-eden-vahsetine-yeni-bir-kanit-teskil-ediyor"],"_links":{"self":[{"href":"https:\/\/archive.sana.sy\/tr\/index.php?rest_route=\/wp\/v2\/posts\/24125","targetHints":{"allow":["GET"]}}],"collection":[{"href":"https:\/\/archive.sana.sy\/tr\/index.php?rest_route=\/wp\/v2\/posts"}],"about":[{"href":"https:\/\/archive.sana.sy\/tr\/index.php?rest_route=\/wp\/v2\/types\/post"}],"author":[{"embeddable":true,"href":"https:\/\/archive.sana.sy\/tr\/index.php?rest_route=\/wp\/v2\/users\/1"}],"replies":[{"embeddable":true,"href":"https:\/\/archive.sana.sy\/tr\/index.php?rest_route=%2Fwp%2Fv2%2Fcomments&post=24125"}],"version-history":[{"count":0,"href":"https:\/\/archive.sana.sy\/tr\/index.php?rest_route=\/wp\/v2\/posts\/24125\/revisions"}],"wp:featuredmedia":[{"embeddable":true,"href":"https:\/\/archive.sana.sy\/tr\/index.php?rest_route=\/wp\/v2\/media\/24126"}],"wp:attachment":[{"href":"https:\/\/archive.sana.sy\/tr\/index.php?rest_route=%2Fwp%2Fv2%2Fmedia&parent=24125"}],"wp:term":[{"taxonomy":"category","embeddable":true,"href":"https:\/\/archive.sana.sy\/tr\/index.php?rest_route=%2Fwp%2Fv2%2Fcategories&post=24125"},{"taxonomy":"post_tag","embeddable":true,"href":"https:\/\/archive.sana.sy\/tr\/index.php?rest_route=%2Fwp%2Fv2%2Ftags&post=24125"}],"curies":[{"name":"wp","href":"https:\/\/api.w.org\/{rel}","templated":true}]}}