{"id":24128,"date":"2015-02-16T15:47:21","date_gmt":"2015-02-16T13:47:21","guid":{"rendered":"http:\/\/www.sana.sy\/tr\/?p=24128"},"modified":"2015-02-16T15:47:21","modified_gmt":"2015-02-16T13:47:21","slug":"misir-libyada-isid-kamplarini-bombaladi","status":"publish","type":"post","link":"https:\/\/archive.sana.sy\/tr\/?p=24128","title":{"rendered":"M\u0131s\u0131r, Libya\u2019da I\u015e\u0130D Kamplar\u0131n\u0131 Bombalad\u0131"},"content":{"rendered":"<p>KAH\u0130RE &#8211; I\u015e\u0130D ter\u00f6r \u00f6rg\u00fct\u00fcn\u00fcn Libya\u2019da 21 M\u0131s\u0131rl\u0131 hakk\u0131nda i\u015fledi\u011fi katliama kar\u015f\u0131l\u0131k olarak M\u0131s\u0131r g\u00fc\u00e7leri Libya topraklar\u0131 dahilindeki I\u015e\u0130D ter\u00f6r \u00f6rg\u00fct\u00fcn\u00fcn konu\u015flanma ve e\u011fitim merkezlerini bombalad\u0131.<\/p>\n<p>M\u0131s\u0131r Savunma Bakanl\u0131\u011f\u0131 yay\u0131nlad\u0131\u011f\u0131 beyanda, M\u0131s\u0131r sava\u015f u\u00e7aklar\u0131n\u0131n d\u00fczenledi\u011fi ba\u015far\u0131l\u0131 bombard\u0131manlar\u0131n ayr\u0131ca I\u015e\u0130D\u2019in silah ve cephane depolar\u0131n\u0131 da kapsad\u0131\u011f\u0131n\u0131 s\u00f6yledi.<\/p>\n<p>Hava bombard\u0131manlar\u0131n\u0131n M\u0131s\u0131r Ulusal Savunma Konseyinden \u00e7\u0131kan karar do\u011frultusunda ger\u00e7ekle\u015fti\u011fine dikkat \u00e7ekilen beyanda M\u0131s\u0131r\u2019\u0131n; halk\u0131n\u0131n g\u00fcven ve istikrar\u0131n\u0131 savunma, \u00fclke dahilinde ve haricinde ter\u00f6rist \u00f6rg\u00fct ve elemanlar\u0131n\u0131n kanl\u0131 eylemlerine kar\u015f\u0131l\u0131k verme hedefi ta\u015f\u0131d\u0131\u011f\u0131 ifade edildi.<\/p>\n<p>S.\u015e. \u2013 M.M.<\/p>\n","protected":false},"excerpt":{"rendered":"<p>KAH\u0130RE &#8211; I\u015e\u0130D ter\u00f6r \u00f6rg\u00fct\u00fcn\u00fcn Libya\u2019da 21 M\u0131s\u0131rl\u0131 hakk\u0131nda i\u015fledi\u011fi katliama kar\u015f\u0131l\u0131k olarak M\u0131s\u0131r g\u00fc\u00e7leri Libya topraklar\u0131 dahilindeki I\u015e\u0130D ter\u00f6r \u00f6rg\u00fct\u00fcn\u00fcn konu\u015flanma ve e\u011fitim merkezlerini bombalad\u0131. M\u0131s\u0131r Savunma Bakanl\u0131\u011f\u0131 yay\u0131nlad\u0131\u011f\u0131 beyanda, M\u0131s\u0131r sava\u015f u\u00e7aklar\u0131n\u0131n d\u00fczenledi\u011fi ba\u015far\u0131l\u0131 bombard\u0131manlar\u0131n ayr\u0131ca I\u015e\u0130D\u2019in silah ve cephane depolar\u0131n\u0131 da kapsad\u0131\u011f\u0131n\u0131 s\u00f6yledi. Hava bombard\u0131manlar\u0131n\u0131n M\u0131s\u0131r Ulusal Savunma Konseyinden \u00e7\u0131kan karar do\u011frultusunda &hellip;<\/p>\n","protected":false},"author":1,"featured_media":24130,"comment_status":"closed","ping_status":"closed","sticky":false,"template":"","format":"standard","meta":{"footnotes":""},"categories":[459,447],"tags":[11565,11564,1302],"class_list":["post-24128","post","type-post","status-publish","format-standard","has-post-thumbnail","","category-haberler-arap-uluslararasi-politika","category-politika","tag-kahire-isid-teror-orgutunun-libyada-21-misirli-hakkinda-isledigi-katliama-karsilik-olarak-misir-gucleri-libya-topraklari-dahilindeki-isid-teror-orgutunun-konuslanma-ve-egitim-merkezlerini-b","tag-libyada-isid-kamplarini-bombaladi","tag-misir"],"_links":{"self":[{"href":"https:\/\/archive.sana.sy\/tr\/index.php?rest_route=\/wp\/v2\/posts\/24128","targetHints":{"allow":["GET"]}}],"collection":[{"href":"https:\/\/archive.sana.sy\/tr\/index.php?rest_route=\/wp\/v2\/posts"}],"about":[{"href":"https:\/\/archive.sana.sy\/tr\/index.php?rest_route=\/wp\/v2\/types\/post"}],"author":[{"embeddable":true,"href":"https:\/\/archive.sana.sy\/tr\/index.php?rest_route=\/wp\/v2\/users\/1"}],"replies":[{"embeddable":true,"href":"https:\/\/archive.sana.sy\/tr\/index.php?rest_route=%2Fwp%2Fv2%2Fcomments&post=24128"}],"version-history":[{"count":0,"href":"https:\/\/archive.sana.sy\/tr\/index.php?rest_route=\/wp\/v2\/posts\/24128\/revisions"}],"wp:featuredmedia":[{"embeddable":true,"href":"https:\/\/archive.sana.sy\/tr\/index.php?rest_route=\/wp\/v2\/media\/24130"}],"wp:attachment":[{"href":"https:\/\/archive.sana.sy\/tr\/index.php?rest_route=%2Fwp%2Fv2%2Fmedia&parent=24128"}],"wp:term":[{"taxonomy":"category","embeddable":true,"href":"https:\/\/archive.sana.sy\/tr\/index.php?rest_route=%2Fwp%2Fv2%2Fcategories&post=24128"},{"taxonomy":"post_tag","embeddable":true,"href":"https:\/\/archive.sana.sy\/tr\/index.php?rest_route=%2Fwp%2Fv2%2Ftags&post=24128"}],"curies":[{"name":"wp","href":"https:\/\/api.w.org\/{rel}","templated":true}]}}