{"id":241287,"date":"2021-08-17T12:05:46","date_gmt":"2021-08-17T09:05:46","guid":{"rendered":"http:\/\/107.6.182.27\/tr\/?p=241287"},"modified":"2021-08-18T08:22:40","modified_gmt":"2021-08-18T05:22:40","slug":"deyrezzor-kirsali-al-cezrat-bolgesinde-dsg-milislerinden-biri-olduruldu","status":"publish","type":"post","link":"https:\/\/archive.sana.sy\/tr\/?p=241287","title":{"rendered":"Deyrezzor K\u0131rsal\u0131 Al Cezrat B\u00f6lgesinde (DSG) Milislerinden Biri \u00d6ld\u00fcr\u00fcld\u00fc"},"content":{"rendered":"<p>DEYREZZOR &#8211; Deyrezzor&#8217;un bat\u0131 k\u0131rsal\u0131ndaki el Cezrat b\u00f6lgesinde halk gruplar\u0131n\u0131n d\u00fczenledi\u011fi sald\u0131r\u0131da Amerikan i\u015fgal g\u00fc\u00e7lerine ba\u011fl\u0131 &#8220;DSG&#8221; milislerindeb bir silahl\u0131 \u00f6ld\u00fcr\u00fcld\u00fc.<\/p>\n<p>Yerel kaynaklar SANA&#8217;ya a\u00e7\u0131klamas\u0131nda, halk hareketinden bir grubun, Deyrezzor&#8217;un bat\u0131 k\u0131rsal\u0131ndaki El Cezrat b\u00f6lgesinde bir DSG militan\u0131n\u0131 otomatik silahlarla hedef ald\u0131\u011f\u0131n\u0131 ve onu an\u0131nda \u00f6ld\u00fcrd\u00fc\u011f\u00fcn\u00fc belirtti.<\/p>\n<p>Di\u011fer yandan kaynaklar, milislerin Deyrezzor&#8217;un do\u011fu k\u0131rsal\u0131ndaki Al \u015eahil beldesinde halka y\u00f6nelik su\u00e7 uygulamalar\u0131n\u0131 art\u0131rd\u0131\u011f\u0131n\u0131 ve beldeden d\u00f6rt ki\u015fiyi ka\u00e7\u0131rarak bilinmeyen bir yere g\u00f6t\u00fcrd\u00fcklerini belirtti.<\/p>\n<p>S.\u015e.<\/p>\n","protected":false},"excerpt":{"rendered":"<p>DEYREZZOR &#8211; Deyrezzor&#8217;un bat\u0131 k\u0131rsal\u0131ndaki el Cezrat b\u00f6lgesinde halk gruplar\u0131n\u0131n d\u00fczenledi\u011fi sald\u0131r\u0131da Amerikan i\u015fgal g\u00fc\u00e7lerine ba\u011fl\u0131 &#8220;DSG&#8221; milislerindeb bir silahl\u0131 \u00f6ld\u00fcr\u00fcld\u00fc. Yerel kaynaklar SANA&#8217;ya a\u00e7\u0131klamas\u0131nda, halk hareketinden bir grubun, Deyrezzor&#8217;un bat\u0131 k\u0131rsal\u0131ndaki El Cezrat b\u00f6lgesinde bir DSG militan\u0131n\u0131 otomatik silahlarla hedef ald\u0131\u011f\u0131n\u0131 ve onu an\u0131nda \u00f6ld\u00fcrd\u00fc\u011f\u00fcn\u00fc belirtti. Di\u011fer yandan kaynaklar, milislerin Deyrezzor&#8217;un do\u011fu k\u0131rsal\u0131ndaki Al &hellip;<\/p>\n","protected":false},"author":1,"featured_media":241301,"comment_status":"closed","ping_status":"closed","sticky":false,"template":"","format":"standard","meta":{"footnotes":""},"categories":[479,575,17988,478],"tags":[],"class_list":["post-241287","post","type-post","status-publish","format-standard","has-post-thumbnail","","category-haberler-yerel","category-olaylar-ve-gercekler","category-son-haberler","category-yerel"],"_links":{"self":[{"href":"https:\/\/archive.sana.sy\/tr\/index.php?rest_route=\/wp\/v2\/posts\/241287","targetHints":{"allow":["GET"]}}],"collection":[{"href":"https:\/\/archive.sana.sy\/tr\/index.php?rest_route=\/wp\/v2\/posts"}],"about":[{"href":"https:\/\/archive.sana.sy\/tr\/index.php?rest_route=\/wp\/v2\/types\/post"}],"author":[{"embeddable":true,"href":"https:\/\/archive.sana.sy\/tr\/index.php?rest_route=\/wp\/v2\/users\/1"}],"replies":[{"embeddable":true,"href":"https:\/\/archive.sana.sy\/tr\/index.php?rest_route=%2Fwp%2Fv2%2Fcomments&post=241287"}],"version-history":[{"count":0,"href":"https:\/\/archive.sana.sy\/tr\/index.php?rest_route=\/wp\/v2\/posts\/241287\/revisions"}],"wp:featuredmedia":[{"embeddable":true,"href":"https:\/\/archive.sana.sy\/tr\/index.php?rest_route=\/wp\/v2\/media\/241301"}],"wp:attachment":[{"href":"https:\/\/archive.sana.sy\/tr\/index.php?rest_route=%2Fwp%2Fv2%2Fmedia&parent=241287"}],"wp:term":[{"taxonomy":"category","embeddable":true,"href":"https:\/\/archive.sana.sy\/tr\/index.php?rest_route=%2Fwp%2Fv2%2Fcategories&post=241287"},{"taxonomy":"post_tag","embeddable":true,"href":"https:\/\/archive.sana.sy\/tr\/index.php?rest_route=%2Fwp%2Fv2%2Ftags&post=241287"}],"curies":[{"name":"wp","href":"https:\/\/api.w.org\/{rel}","templated":true}]}}