{"id":24132,"date":"2015-02-16T16:30:19","date_gmt":"2015-02-16T14:30:19","guid":{"rendered":"http:\/\/www.sana.sy\/tr\/?p=24132"},"modified":"2015-02-16T16:30:19","modified_gmt":"2015-02-16T14:30:19","slug":"asilsiz-spekulasyonlardan-baska-bir-sey-degildir","status":"publish","type":"post","link":"https:\/\/archive.sana.sy\/tr\/?p=24132","title":{"rendered":"As\u0131ls\u0131z Spek\u00fclasyonlardan Ba\u015fka Bir \u015eey De\u011fildir"},"content":{"rendered":"<p>\u015eAM \u2013 Petrol ve Madeni Servetler Bakanl\u0131\u011f\u0131 ter\u00f6r provokat\u00f6r\u00fc kimi medya ara\u00e7lar\u0131n\u0131n \u2018Suriye h\u00fck\u00fcmetinin I\u015e\u0130D ter\u00f6r \u00f6rg\u00fct\u00fcnden petrol sat\u0131n ald\u0131\u011f\u0131na\u2019 ili\u015fkin yamaya \u00e7al\u0131\u015ft\u0131klar\u0131 spek\u00fclasyonlar\u0131n asl\u0131 ger\u00e7e\u011fi olmad\u0131\u011f\u0131n\u0131 belirtti.<\/p>\n<p>Bakanl\u0131kta resmi bir kaynak bug\u00fcn SANA\u2019ya yapt\u0131\u011f\u0131 a\u00e7\u0131klamada; Suriye&#8217;de I\u015e\u0130D\u2019i destekleyen ve Suriyelilerin mal\u0131 olan petrol\u00fcn \u00e7al\u0131n\u0131p sat\u0131lmas\u0131na katk\u0131 sa\u011flayan devletlerin bizzat kendilerinin 22-04-2013 tarihinde AB\u2019den \u00e7\u0131kan 186 karar arac\u0131l\u0131\u011f\u0131 ile bu yasad\u0131\u015f\u0131 petrol ka\u00e7ak\u00e7\u0131l\u0131\u011f\u0131n\u0131 me\u015frula\u015ft\u0131rmaya \u00e7al\u0131\u015ft\u0131klar\u0131na dikkat \u00e7ekti.,<\/p>\n<p>Suriye h\u00fck\u00fcmetinin I\u015e\u0130D\u2019ten petrol sat\u0131n ald\u0131\u011f\u0131 s\u00f6ylentilerinin ger\u00e7ekle hi\u00e7bir ilgisi olmad\u0131\u011f\u0131n\u0131n alt\u0131n\u0131 \u00e7izen kaynak; Suriye&#8217;de Suriyelilerin petrol ve yer alt\u0131 zenginliklerinin ticaretinde yetki sahibi tek taraf\u0131n bakanl\u0131k ve ona tabi kurumlar oldu\u011funu belirtti.<\/p>\n<p>Suriye&#8217;nin halk\u0131n\u0131n hakk\u0131 olan petrol kuyular\u0131n\u0131 korumak i\u00e7in her y\u00f6nteme ba\u015fvurdu\u011funu ifade eden kaynak; fakat Uluslar aras\u0131 G\u00fcvenlik Konseyinin 2199 say\u0131l\u0131 karar\u0131na ra\u011fmen I\u015e\u0130D\u2019in T\u00fcrk arac\u0131lar\u0131n yard\u0131mlar\u0131yla Suriye petrol\u00fcn\u00fc \u00e7al\u0131p uluslar aras\u0131 pazarlarda satmaya devam etti\u011fini belirtti.<\/p>\n<p>Kaynak I\u015e\u0130D\u2019in bu yasad\u0131\u015f\u0131 gasp ve h\u0131rs\u0131zl\u0131k eylemlerinden b\u00fcy\u00fck miktarda finans elde etmeye devam etti\u011fine dikkat \u00e7ekti.<\/p>\n<p>AB 2013 y\u0131l\u0131n\u0131n Nisan ay\u0131nda ald\u0131\u011f\u0131 186 say\u0131l\u0131 kararla Avrupa \u00fclkelerinin Suriye&#8217;deki ter\u00f6r \u00f6rg\u00fctlerinden petrol sat\u0131n almalar\u0131n\u0131 me\u015fru k\u0131lm\u0131\u015ft\u0131. BM G\u00fcvenlik Konseyi ise birka\u00e7 g\u00fcn \u00f6nce Suriye ve Irak\u2019taki ter\u00f6r \u00f6rg\u00fctlerden petrol sat\u0131n almay\u0131 yasaklayan 2199 say\u0131l\u0131 karar\u0131 onaylam\u0131\u015ft\u0131.<\/p>\n<p>A.A. &#8211; M.M.<\/p>\n","protected":false},"excerpt":{"rendered":"<p>\u015eAM \u2013 Petrol ve Madeni Servetler Bakanl\u0131\u011f\u0131 ter\u00f6r provokat\u00f6r\u00fc kimi medya ara\u00e7lar\u0131n\u0131n \u2018Suriye h\u00fck\u00fcmetinin I\u015e\u0130D ter\u00f6r \u00f6rg\u00fct\u00fcnden petrol sat\u0131n ald\u0131\u011f\u0131na\u2019 ili\u015fkin yamaya \u00e7al\u0131\u015ft\u0131klar\u0131 spek\u00fclasyonlar\u0131n asl\u0131 ger\u00e7e\u011fi olmad\u0131\u011f\u0131n\u0131 belirtti. Bakanl\u0131kta resmi bir kaynak bug\u00fcn SANA\u2019ya yapt\u0131\u011f\u0131 a\u00e7\u0131klamada; Suriye&#8217;de I\u015e\u0130D\u2019i destekleyen ve Suriyelilerin mal\u0131 olan petrol\u00fcn \u00e7al\u0131n\u0131p sat\u0131lmas\u0131na katk\u0131 sa\u011flayan devletlerin bizzat kendilerinin 22-04-2013 tarihinde AB\u2019den \u00e7\u0131kan &hellip;<\/p>\n","protected":false},"author":1,"featured_media":24133,"comment_status":"closed","ping_status":"closed","sticky":false,"template":"","format":"standard","meta":{"footnotes":""},"categories":[485,486,479,478],"tags":[11566,11567],"class_list":["post-24132","post","type-post","status-publish","format-standard","has-post-thumbnail","","category-is-ve-sermaye","category-haberler-is-ve-sermaye","category-haberler-yerel","category-yerel","tag-asilsiz-spekulasyonlardan-baska-bir-sey-degildir","tag-sam-petrol-ve-madeni-servetler-bakanligi-teror-provokatoru-kimi-medya-araclarinin-suriye-hukumetinin-isid-teror-orgutunden-petrol-satin-aldigina-iliskin-yamaya-calistiklari"],"_links":{"self":[{"href":"https:\/\/archive.sana.sy\/tr\/index.php?rest_route=\/wp\/v2\/posts\/24132","targetHints":{"allow":["GET"]}}],"collection":[{"href":"https:\/\/archive.sana.sy\/tr\/index.php?rest_route=\/wp\/v2\/posts"}],"about":[{"href":"https:\/\/archive.sana.sy\/tr\/index.php?rest_route=\/wp\/v2\/types\/post"}],"author":[{"embeddable":true,"href":"https:\/\/archive.sana.sy\/tr\/index.php?rest_route=\/wp\/v2\/users\/1"}],"replies":[{"embeddable":true,"href":"https:\/\/archive.sana.sy\/tr\/index.php?rest_route=%2Fwp%2Fv2%2Fcomments&post=24132"}],"version-history":[{"count":0,"href":"https:\/\/archive.sana.sy\/tr\/index.php?rest_route=\/wp\/v2\/posts\/24132\/revisions"}],"wp:featuredmedia":[{"embeddable":true,"href":"https:\/\/archive.sana.sy\/tr\/index.php?rest_route=\/wp\/v2\/media\/24133"}],"wp:attachment":[{"href":"https:\/\/archive.sana.sy\/tr\/index.php?rest_route=%2Fwp%2Fv2%2Fmedia&parent=24132"}],"wp:term":[{"taxonomy":"category","embeddable":true,"href":"https:\/\/archive.sana.sy\/tr\/index.php?rest_route=%2Fwp%2Fv2%2Fcategories&post=24132"},{"taxonomy":"post_tag","embeddable":true,"href":"https:\/\/archive.sana.sy\/tr\/index.php?rest_route=%2Fwp%2Fv2%2Ftags&post=24132"}],"curies":[{"name":"wp","href":"https:\/\/api.w.org\/{rel}","templated":true}]}}