{"id":241321,"date":"2021-08-17T15:05:27","date_gmt":"2021-08-17T12:05:27","guid":{"rendered":"http:\/\/107.6.182.27\/tr\/?p=241321"},"modified":"2021-08-18T08:22:48","modified_gmt":"2021-08-18T05:22:48","slug":"turk-isgalcinin-kiralik-ceteleri-fidye-almak-icin-afrinde-sivilleri-kaciriyor","status":"publish","type":"post","link":"https:\/\/archive.sana.sy\/tr\/?p=241321","title":{"rendered":"T\u00fcrk \u0130\u015fgalcinin Kiral\u0131k \u00c7eteleri Fidye Almak \u0130\u00e7in Afrin&#8217;de Sivilleri Ka\u00e7\u0131r\u0131yor"},"content":{"rendered":"<p>HALEP \u2013 T\u00fcrk i\u015fgalinin ter\u00f6r \u00f6rg\u00fctlerinden olu\u015fan kiral\u0131klar\u0131 Halep k\u0131rsal\u0131n\u0131n kuzeyinde i\u015fgal ettikleri b\u00f6lgelerdeki ahalilere kar\u015f\u0131 su\u00e7lu uygulamalar\u0131na devam ederek, bug\u00fcn Afrin B\u00f6lgesinde bask\u0131nlar d\u00fczenleyip siviller ka\u00e7r\u0131d\u0131 ve ka\u00e7\u0131r\u0131lanlar\u0131n serbest b\u0131rak\u0131lmalar\u0131 kar\u015f\u0131l\u0131\u011f\u0131nda ailelerinden zorla para istediler.<\/p>\n<p>Yerel kaynaklar SANA muhabirine, T\u00fcrk i\u015fgaline ba\u011fl\u0131 s\u00f6zde \u201cAskeri Polis\u201d, \u201cFeylak el \u015eam\u201d ve \u201cMuhammad el Fateh\u201d ter\u00f6r gruplar\u0131n\u0131n Afrin\u2019deki Cenderis Nahiyesi bulunan Cemle K\u00f6y\u00fc ve \u00f6te yandan Halep k\u0131rsal\u0131n\u0131n kuzeyindeki Mabatli Nahiyesinde bulunan Maamlo K\u00f6y\u00fcndeki evlere bask\u0131n d\u00fczenlediklerini aralar\u0131nda iki karde\u015fin bulundu\u011fu be\u015f sivili ka\u00e7\u0131rd\u0131klar\u0131n\u0131 belirtti.<\/p>\n<p>Kaynaklar, bask\u0131nlara, ter\u00f6ristler sivilleri ka\u00e7\u0131rmadan \u00f6nce aileleri, \u00f6zellikle \u00e7ocuklar\u0131 ve kad\u0131nlar\u0131 korkutmak amac\u0131yla, ailelerine \u015fantaj yapmak ve serbest b\u0131rak\u0131lmalar\u0131 kar\u015f\u0131l\u0131\u011f\u0131nda d\u00f6viz cinsinden fahi\u015f fidye talep etmek amac\u0131yla ate\u015f a\u00e7\u0131lmas\u0131n\u0131n e\u015flik etti\u011fine dikkat \u00e7ekti.<\/p>\n<p>\u00d6te yandan kaynaklar, s\u00f6zde &#8220;Sultan Murad&#8221; ter\u00f6ristlerinin Halep k\u0131rsal\u0131n\u0131n kuzeyindeki Afrin b\u00f6lgesine ba\u011fl\u0131 Kart Kalaq k\u00f6y\u00fcnden \u00fc\u00e7 ya\u015fl\u0131ya i\u015fkence yapt\u0131\u011f\u0131n\u0131 belirtti.<\/p>\n","protected":false},"excerpt":{"rendered":"<p>HALEP \u2013 T\u00fcrk i\u015fgalinin ter\u00f6r \u00f6rg\u00fctlerinden olu\u015fan kiral\u0131klar\u0131 Halep k\u0131rsal\u0131n\u0131n kuzeyinde i\u015fgal ettikleri b\u00f6lgelerdeki ahalilere kar\u015f\u0131 su\u00e7lu uygulamalar\u0131na devam ederek, bug\u00fcn Afrin B\u00f6lgesinde bask\u0131nlar d\u00fczenleyip siviller ka\u00e7r\u0131d\u0131 ve ka\u00e7\u0131r\u0131lanlar\u0131n serbest b\u0131rak\u0131lmalar\u0131 kar\u015f\u0131l\u0131\u011f\u0131nda ailelerinden zorla para istediler. Yerel kaynaklar SANA muhabirine, T\u00fcrk i\u015fgaline ba\u011fl\u0131 s\u00f6zde \u201cAskeri Polis\u201d, \u201cFeylak el \u015eam\u201d ve \u201cMuhammad el Fateh\u201d ter\u00f6r gruplar\u0131n\u0131n &hellip;<\/p>\n","protected":false},"author":1,"featured_media":241322,"comment_status":"closed","ping_status":"closed","sticky":false,"template":"","format":"standard","meta":{"footnotes":""},"categories":[479,575,17988,2554,2555,478],"tags":[],"class_list":["post-241321","post","type-post","status-publish","format-standard","has-post-thumbnail","","category-haberler-yerel","category-olaylar-ve-gercekler","category-son-haberler","category-suriye-ve-dunya","category-suriye-ve-turkiye","category-yerel"],"_links":{"self":[{"href":"https:\/\/archive.sana.sy\/tr\/index.php?rest_route=\/wp\/v2\/posts\/241321","targetHints":{"allow":["GET"]}}],"collection":[{"href":"https:\/\/archive.sana.sy\/tr\/index.php?rest_route=\/wp\/v2\/posts"}],"about":[{"href":"https:\/\/archive.sana.sy\/tr\/index.php?rest_route=\/wp\/v2\/types\/post"}],"author":[{"embeddable":true,"href":"https:\/\/archive.sana.sy\/tr\/index.php?rest_route=\/wp\/v2\/users\/1"}],"replies":[{"embeddable":true,"href":"https:\/\/archive.sana.sy\/tr\/index.php?rest_route=%2Fwp%2Fv2%2Fcomments&post=241321"}],"version-history":[{"count":0,"href":"https:\/\/archive.sana.sy\/tr\/index.php?rest_route=\/wp\/v2\/posts\/241321\/revisions"}],"wp:featuredmedia":[{"embeddable":true,"href":"https:\/\/archive.sana.sy\/tr\/index.php?rest_route=\/wp\/v2\/media\/241322"}],"wp:attachment":[{"href":"https:\/\/archive.sana.sy\/tr\/index.php?rest_route=%2Fwp%2Fv2%2Fmedia&parent=241321"}],"wp:term":[{"taxonomy":"category","embeddable":true,"href":"https:\/\/archive.sana.sy\/tr\/index.php?rest_route=%2Fwp%2Fv2%2Fcategories&post=241321"},{"taxonomy":"post_tag","embeddable":true,"href":"https:\/\/archive.sana.sy\/tr\/index.php?rest_route=%2Fwp%2Fv2%2Ftags&post=241321"}],"curies":[{"name":"wp","href":"https:\/\/api.w.org\/{rel}","templated":true}]}}