{"id":241352,"date":"2021-08-17T11:47:48","date_gmt":"2021-08-17T08:47:48","guid":{"rendered":"http:\/\/107.6.182.27\/tr\/?p=241352"},"modified":"2021-08-18T08:22:38","modified_gmt":"2021-08-18T05:22:38","slug":"israil-isgali-lubnana-hava-sahasi-ve-karasollarina-yonelik-ihlalini-yeniledi","status":"publish","type":"post","link":"https:\/\/archive.sana.sy\/tr\/?p=241352","title":{"rendered":"\u0130srail \u0130\u015fgali L\u00fcbnana Hava Sahas\u0131 ve Karasollar\u0131na Y\u00f6nelik \u0130hlalini Yeniledi"},"content":{"rendered":"<p>BEYRUT \u2013 \u0130srail du\u015fman\u0131n\u0131n sava\u015f u\u00e7aklar\u0131 ve gemileri L\u00fcbnan karasular\u0131 ve hava sahas\u0131na y\u00f6nelik ihlallerini yeniledi.<\/p>\n<p>L\u00fcbnan Ordu Komutanl\u0131\u011f\u0131 Y\u00f6netme M\u00fcd\u00fcrl\u00fc\u011f\u00fc&#8217;nden yap\u0131lan a\u00e7\u0131klamada, \u201c\u0130srail d\u00fc\u015fman ke\u015fif u\u00e7a\u011f\u0131, Damur beldesinin kar\u015f\u0131s\u0131ndaki denizden L\u00fcbnan hava sahas\u0131n\u0131 ihlal ederek, Beyrut ve banliy\u00f6leri, Baabda ve Aley b\u00f6lgeleri \u00fczerinde dairesel u\u00e7u\u015f ger\u00e7ekle\u015ftirdi ve ard\u0131ndan hava sahas\u0131n\u0131 deniz \u00fczerinden i\u015fgal alt\u0131ndaki b\u00f6lgelere do\u011fru terk etti\u201d diye belirtildi.<\/p>\n<p>Beyanda, \u0130srail d\u00fc\u015fman\u0131na ait bir sava\u015f gemisinin Ras el Nakura a\u00e7\u0131klar\u0131nda L\u00fcbnan karasular\u0131n\u0131 ihlal etti\u011fi belirtildi.<\/p>\n<p>Beyan ayr\u0131ca, \u201c\u0130srail&#8217;in ihlalleri konusu L\u00fcbnan&#8217;daki Birle\u015fmi\u015f Milletler Ge\u00e7ici Kuvvetleri ile koordineli olarak takip ediliyor\u201d dedi.<\/p>\n<p>P.M.<\/p>\n","protected":false},"excerpt":{"rendered":"<p>BEYRUT \u2013 \u0130srail du\u015fman\u0131n\u0131n sava\u015f u\u00e7aklar\u0131 ve gemileri L\u00fcbnan karasular\u0131 ve hava sahas\u0131na y\u00f6nelik ihlallerini yeniledi. L\u00fcbnan Ordu Komutanl\u0131\u011f\u0131 Y\u00f6netme M\u00fcd\u00fcrl\u00fc\u011f\u00fc&#8217;nden yap\u0131lan a\u00e7\u0131klamada, \u201c\u0130srail d\u00fc\u015fman ke\u015fif u\u00e7a\u011f\u0131, Damur beldesinin kar\u015f\u0131s\u0131ndaki denizden L\u00fcbnan hava sahas\u0131n\u0131 ihlal ederek, Beyrut ve banliy\u00f6leri, Baabda ve Aley b\u00f6lgeleri \u00fczerinde dairesel u\u00e7u\u015f ger\u00e7ekle\u015ftirdi ve ard\u0131ndan hava sahas\u0131n\u0131 deniz \u00fczerinden i\u015fgal alt\u0131ndaki &hellip;<\/p>\n","protected":false},"author":1,"featured_media":241353,"comment_status":"closed","ping_status":"closed","sticky":false,"template":"","format":"standard","meta":{"footnotes":""},"categories":[458,459,17988],"tags":[],"class_list":["post-241352","post","type-post","status-publish","format-standard","has-post-thumbnail","","category-dunya1","category-haberler-arap-uluslararasi-politika","category-son-haberler"],"_links":{"self":[{"href":"https:\/\/archive.sana.sy\/tr\/index.php?rest_route=\/wp\/v2\/posts\/241352","targetHints":{"allow":["GET"]}}],"collection":[{"href":"https:\/\/archive.sana.sy\/tr\/index.php?rest_route=\/wp\/v2\/posts"}],"about":[{"href":"https:\/\/archive.sana.sy\/tr\/index.php?rest_route=\/wp\/v2\/types\/post"}],"author":[{"embeddable":true,"href":"https:\/\/archive.sana.sy\/tr\/index.php?rest_route=\/wp\/v2\/users\/1"}],"replies":[{"embeddable":true,"href":"https:\/\/archive.sana.sy\/tr\/index.php?rest_route=%2Fwp%2Fv2%2Fcomments&post=241352"}],"version-history":[{"count":0,"href":"https:\/\/archive.sana.sy\/tr\/index.php?rest_route=\/wp\/v2\/posts\/241352\/revisions"}],"wp:featuredmedia":[{"embeddable":true,"href":"https:\/\/archive.sana.sy\/tr\/index.php?rest_route=\/wp\/v2\/media\/241353"}],"wp:attachment":[{"href":"https:\/\/archive.sana.sy\/tr\/index.php?rest_route=%2Fwp%2Fv2%2Fmedia&parent=241352"}],"wp:term":[{"taxonomy":"category","embeddable":true,"href":"https:\/\/archive.sana.sy\/tr\/index.php?rest_route=%2Fwp%2Fv2%2Fcategories&post=241352"},{"taxonomy":"post_tag","embeddable":true,"href":"https:\/\/archive.sana.sy\/tr\/index.php?rest_route=%2Fwp%2Fv2%2Ftags&post=241352"}],"curies":[{"name":"wp","href":"https:\/\/api.w.org\/{rel}","templated":true}]}}