{"id":241385,"date":"2021-08-18T17:18:01","date_gmt":"2021-08-18T14:18:01","guid":{"rendered":"http:\/\/107.6.182.27\/tr\/?p=241385"},"modified":"2021-08-19T14:42:14","modified_gmt":"2021-08-19T11:42:14","slug":"hasekedeki-ebu-gedir-koyunun-ahalisi-dsg-milislerini-koylerinden-def-etti","status":"publish","type":"post","link":"https:\/\/archive.sana.sy\/tr\/?p=241385","title":{"rendered":"Haseke&#8217;deki Ebu \u011eedir K\u00f6y\u00fcn\u00fcn Ahalisi &#8220;DSG&#8221; Milislerini K\u00f6ylerinden Kovdu"},"content":{"rendered":"<p>HASEKE \u2013 Haseke k\u0131rsal\u0131n\u0131n kuzey do\u011fusundaki Ebu \u011eedir K\u00f6y\u00fcn\u00fcn ahalileri, Amerikan i\u015fgalinden destekli \u201cDSG\u201d milislerinin k\u00f6ylerinden bir dizi gen\u00e7 erke\u011fi ka\u00e7\u0131r\u0131p zorla askere alma giri\u015fimlerine kar\u015f\u0131 koydu.<\/p>\n<p>Yerel kaynaklar SANA muhabirine, \u201cDSG\u201d milislerinden silahl\u0131 gruplar\u0131n Haseke k\u0131rsal\u0131ndaki el Kahtaniye Nahiyesine tabi Ebu \u011eedir k\u00f6y\u00fcne bask\u0131n d\u00fczenlediklerini ve zorla askere almak amac\u0131yla k\u00f6y sakinlerinden \u00e7ok say\u0131da gen\u00e7 erke\u011fi ka\u00e7\u0131rma giri\u015fiminde bulunduklar\u0131n\u0131 ifade etti.<\/p>\n<p>Bask\u0131n s\u0131ras\u0131nda ahalilleri korkutmak i\u00e7in canl\u0131 at\u0131\u015f a\u00e7t\u0131klar\u0131na i\u015faret eden kaynaklar, k\u00f6y ahalilerin milislere kar\u015f\u0131 koyduklar\u0131n\u0131 ve gen\u00e7 erkekleri ka\u00e7\u0131rmay\u0131 engellediklerini belirtti.<\/p>\n<p>Kaynaklar, ahalilerin DSG milislerini k\u00f6ylerinden def etmeye ba\u015fard\u0131klar\u0131n\u0131 ekledi.<\/p>\n<p>P.M.<\/p>\n","protected":false},"excerpt":{"rendered":"<p>HASEKE \u2013 Haseke k\u0131rsal\u0131n\u0131n kuzey do\u011fusundaki Ebu \u011eedir K\u00f6y\u00fcn\u00fcn ahalileri, Amerikan i\u015fgalinden destekli \u201cDSG\u201d milislerinin k\u00f6ylerinden bir dizi gen\u00e7 erke\u011fi ka\u00e7\u0131r\u0131p zorla askere alma giri\u015fimlerine kar\u015f\u0131 koydu. Yerel kaynaklar SANA muhabirine, \u201cDSG\u201d milislerinden silahl\u0131 gruplar\u0131n Haseke k\u0131rsal\u0131ndaki el Kahtaniye Nahiyesine tabi Ebu \u011eedir k\u00f6y\u00fcne bask\u0131n d\u00fczenlediklerini ve zorla askere almak amac\u0131yla k\u00f6y sakinlerinden \u00e7ok say\u0131da &hellip;<\/p>\n","protected":false},"author":1,"featured_media":241387,"comment_status":"closed","ping_status":"closed","sticky":false,"template":"","format":"standard","meta":{"footnotes":""},"categories":[479,575,17988,478],"tags":[],"class_list":["post-241385","post","type-post","status-publish","format-standard","has-post-thumbnail","","category-haberler-yerel","category-olaylar-ve-gercekler","category-son-haberler","category-yerel"],"_links":{"self":[{"href":"https:\/\/archive.sana.sy\/tr\/index.php?rest_route=\/wp\/v2\/posts\/241385","targetHints":{"allow":["GET"]}}],"collection":[{"href":"https:\/\/archive.sana.sy\/tr\/index.php?rest_route=\/wp\/v2\/posts"}],"about":[{"href":"https:\/\/archive.sana.sy\/tr\/index.php?rest_route=\/wp\/v2\/types\/post"}],"author":[{"embeddable":true,"href":"https:\/\/archive.sana.sy\/tr\/index.php?rest_route=\/wp\/v2\/users\/1"}],"replies":[{"embeddable":true,"href":"https:\/\/archive.sana.sy\/tr\/index.php?rest_route=%2Fwp%2Fv2%2Fcomments&post=241385"}],"version-history":[{"count":0,"href":"https:\/\/archive.sana.sy\/tr\/index.php?rest_route=\/wp\/v2\/posts\/241385\/revisions"}],"wp:featuredmedia":[{"embeddable":true,"href":"https:\/\/archive.sana.sy\/tr\/index.php?rest_route=\/wp\/v2\/media\/241387"}],"wp:attachment":[{"href":"https:\/\/archive.sana.sy\/tr\/index.php?rest_route=%2Fwp%2Fv2%2Fmedia&parent=241385"}],"wp:term":[{"taxonomy":"category","embeddable":true,"href":"https:\/\/archive.sana.sy\/tr\/index.php?rest_route=%2Fwp%2Fv2%2Fcategories&post=241385"},{"taxonomy":"post_tag","embeddable":true,"href":"https:\/\/archive.sana.sy\/tr\/index.php?rest_route=%2Fwp%2Fv2%2Ftags&post=241385"}],"curies":[{"name":"wp","href":"https:\/\/api.w.org\/{rel}","templated":true}]}}