{"id":241558,"date":"2021-08-21T11:19:04","date_gmt":"2021-08-21T08:19:04","guid":{"rendered":"http:\/\/107.6.182.27\/tr\/?p=241558"},"modified":"2021-08-23T14:08:10","modified_gmt":"2021-08-23T11:08:10","slug":"deyrezzor-kirsalinda-dsg-milislerinden-bir-unsur-olduruldu-3","status":"publish","type":"post","link":"https:\/\/archive.sana.sy\/tr\/?p=241558","title":{"rendered":"Deyrezzor K\u0131rsal\u0131nda DSG Milislerinden Bir Unsur \u00d6ld\u00fcr\u00fcld\u00fc"},"content":{"rendered":"<p>DEYREZZOR \u2013 Deyrezzor k\u0131rsal\u0131ndaki Cezra El Bu \u015eems k\u00f6y\u00fcnde direni\u015f\u00e7i halk gruplar\u0131 taraf\u0131ndan d\u00fczenlenen sald\u0131r\u0131da Amerikan i\u015fgal g\u00fc\u00e7lerine ba\u011fl\u0131 \u201cDSG\u201d milislerinden bir silahl\u0131 \u00f6ld\u00fcr\u00fcld\u00fc.<\/p>\n<p>Yerel kaynaklar SANA&#8217;ya, Suriye&#8217;nin El Cezire b\u00f6lgesindeki konu\u015flanma b\u00f6lgelerinde &#8220;DSG&#8221; milislerinin hareket ve noktalar\u0131na y\u00f6nelik sald\u0131r\u0131lar\u0131n devam etti\u011fini belirtirken, Deyrezzor k\u0131rsal\u0131n\u0131n bat\u0131s\u0131nda yer alan Cezra El Bu \u015eems k\u00f6y\u00fcnde, direni\u015f\u00e7i halk gruplar\u0131n otomatik silahlarla DSG milislerinden bir silahl\u0131n\u0131n hedef ald\u0131\u011f\u0131n\u0131 ve bu sald\u0131r\u0131n\u0131n hemen \u00f6l\u00fcm\u00fcne yol a\u00e7t\u0131\u011f\u0131na i\u015faret etti.<\/p>\n","protected":false},"excerpt":{"rendered":"<p>DEYREZZOR \u2013 Deyrezzor k\u0131rsal\u0131ndaki Cezra El Bu \u015eems k\u00f6y\u00fcnde direni\u015f\u00e7i halk gruplar\u0131 taraf\u0131ndan d\u00fczenlenen sald\u0131r\u0131da Amerikan i\u015fgal g\u00fc\u00e7lerine ba\u011fl\u0131 \u201cDSG\u201d milislerinden bir silahl\u0131 \u00f6ld\u00fcr\u00fcld\u00fc. Yerel kaynaklar SANA&#8217;ya, Suriye&#8217;nin El Cezire b\u00f6lgesindeki konu\u015flanma b\u00f6lgelerinde &#8220;DSG&#8221; milislerinin hareket ve noktalar\u0131na y\u00f6nelik sald\u0131r\u0131lar\u0131n devam etti\u011fini belirtirken, Deyrezzor k\u0131rsal\u0131n\u0131n bat\u0131s\u0131nda yer alan Cezra El Bu \u015eems k\u00f6y\u00fcnde, direni\u015f\u00e7i halk &hellip;<\/p>\n","protected":false},"author":36,"featured_media":241559,"comment_status":"closed","ping_status":"closed","sticky":false,"template":"","format":"standard","meta":{"footnotes":""},"categories":[479,575,17988,478],"tags":[],"class_list":["post-241558","post","type-post","status-publish","format-standard","has-post-thumbnail","","category-haberler-yerel","category-olaylar-ve-gercekler","category-son-haberler","category-yerel"],"_links":{"self":[{"href":"https:\/\/archive.sana.sy\/tr\/index.php?rest_route=\/wp\/v2\/posts\/241558","targetHints":{"allow":["GET"]}}],"collection":[{"href":"https:\/\/archive.sana.sy\/tr\/index.php?rest_route=\/wp\/v2\/posts"}],"about":[{"href":"https:\/\/archive.sana.sy\/tr\/index.php?rest_route=\/wp\/v2\/types\/post"}],"author":[{"embeddable":true,"href":"https:\/\/archive.sana.sy\/tr\/index.php?rest_route=\/wp\/v2\/users\/36"}],"replies":[{"embeddable":true,"href":"https:\/\/archive.sana.sy\/tr\/index.php?rest_route=%2Fwp%2Fv2%2Fcomments&post=241558"}],"version-history":[{"count":0,"href":"https:\/\/archive.sana.sy\/tr\/index.php?rest_route=\/wp\/v2\/posts\/241558\/revisions"}],"wp:featuredmedia":[{"embeddable":true,"href":"https:\/\/archive.sana.sy\/tr\/index.php?rest_route=\/wp\/v2\/media\/241559"}],"wp:attachment":[{"href":"https:\/\/archive.sana.sy\/tr\/index.php?rest_route=%2Fwp%2Fv2%2Fmedia&parent=241558"}],"wp:term":[{"taxonomy":"category","embeddable":true,"href":"https:\/\/archive.sana.sy\/tr\/index.php?rest_route=%2Fwp%2Fv2%2Fcategories&post=241558"},{"taxonomy":"post_tag","embeddable":true,"href":"https:\/\/archive.sana.sy\/tr\/index.php?rest_route=%2Fwp%2Fv2%2Ftags&post=241558"}],"curies":[{"name":"wp","href":"https:\/\/api.w.org\/{rel}","templated":true}]}}