{"id":241575,"date":"2021-08-21T15:09:44","date_gmt":"2021-08-21T12:09:44","guid":{"rendered":"http:\/\/107.6.182.27\/tr\/?p=241575"},"modified":"2021-08-23T14:08:18","modified_gmt":"2021-08-23T11:08:18","slug":"ordu-helikopterlerin-destegiyle-lazkiye-kirsalinda-cikan-yangin-sonduruldu","status":"publish","type":"post","link":"https:\/\/archive.sana.sy\/tr\/?p=241575","title":{"rendered":"Kardaha K\u0131rsal\u0131 Al Safarkiyye&#8217;de Ziraat Arazilerinde \u00c7\u0131kan Yang\u0131n S\u00f6nd\u00fcr\u00fcld\u00fc"},"content":{"rendered":"<p>LAZK\u0130YE &#8211; Suriye Arap ve Rus Ordusuna ait helikopterlerle i\u015fbirli\u011finde Tar\u0131m M\u00fcd\u00fcrl\u00fc\u011f\u00fc Orman Dairesi, Lazkiye \u0130tfaiyesi ve Sivil Savunma&#8217;ya ba\u011fl\u0131 ortak itfaiye ekipleri, Kardaha k\u0131rsal\u0131ndaki Al Safarkiyye ve Benjaro k\u00f6yleri aras\u0131ndaki tar\u0131m arazilerinde \u00e7\u0131kan yang\u0131n\u0131 s\u00f6nd\u00fcrd\u00fc ve so\u011futma a\u015famas\u0131na girdi.<\/p>\n<p>Tar\u0131m M\u00fcd\u00fcrl\u00fc\u011f\u00fc Orman Dairesi Ba\u015fkan\u0131 M\u00fch. Basim Duba SANA muhabirine yapt\u0131\u011f\u0131 a\u00e7\u0131klamada, itfaiye ekiplerinin yang\u0131ndaki t\u00fcm yang\u0131n cephelerini kontrol alt\u0131na ald\u0131\u011f\u0131n\u0131 ve \u015fu anda alanlar\u0131n tekrar alev almamas\u0131 i\u00e7in so\u011futmaya \u00e7al\u0131\u015ft\u0131klar\u0131n\u0131 s\u00f6yledi.<\/p>\n<p>Duba, Orman M\u00fcd\u00fcrl\u00fc\u011f\u00fc&#8217;n\u00fcn yang\u0131n\u0131 s\u00f6nd\u00fcrmek i\u00e7in Lazkiye \u0130tfaiyesi ve Sivil Savunma&#8217;ya ait mekanizmalar\u0131n yan\u0131 s\u0131ra 5 itfaiye arac\u0131, iki itfaiye ekibi, bir trakt\u00f6r ve bir traks arac\u0131 kulland\u0131klar\u0131na dikkati \u00e7ekti.<\/p>\n<p>Lazkiye \u0130tfaiye Komutan\u0131 Binba\u015f\u0131 Muhanned Cafer ise, Lazkiye Alay\u0131&#8217;na ait bir arac\u0131n yan\u0131 s\u0131ra Ceble ve Kardaha&#8217;dan yola \u00e7\u0131kan itfaiye ara\u00e7lar\u0131n\u0131n kontrol alt\u0131na al\u0131nan ve Suriye Arap Ordusuna ait helikopterlerle i\u015fbirli\u011fi i\u00e7inde bir\u00e7ok mevkide m\u00fcdahale etmek i\u00e7in yola \u00e7\u0131kt\u0131klar\u0131n\u0131 s\u00f6yledi.<\/p>\n<p>Cafer, zeytin a\u011fa\u00e7lar\u0131, turun\u00e7giller ve a\u011fa\u00e7larla dikili elli d\u00f6n\u00fcmden fazla tar\u0131m arazisinin zarara u\u011frad\u0131\u011f\u0131n\u0131n tahmin edildi\u011fine i\u015faret etti.<\/p>\n<div id='gallery-1' class='gallery galleryid-241575 gallery-columns-1 gallery-size-full'><figure class='gallery-item'>\n\t\t\t<div class='gallery-icon landscape'>\n\t\t\t\t<a href='https:\/\/archive.sana.sy\/tr\/wp-content\/uploads\/2021\/08\/photo_2021-08-21_14-22-07-scaled.jpg'><img loading=\"lazy\" decoding=\"async\" width=\"2560\" height=\"1798\" src=\"https:\/\/archive.sana.sy\/tr\/wp-content\/uploads\/2021\/08\/photo_2021-08-21_14-22-07-scaled.jpg\" class=\"attachment-full size-full\" alt=\"\" srcset=\"https:\/\/archive.sana.sy\/tr\/wp-content\/uploads\/2021\/08\/photo_2021-08-21_14-22-07-scaled.jpg 2560w, https:\/\/archive.sana.sy\/tr\/wp-content\/uploads\/2021\/08\/photo_2021-08-21_14-22-07-300x211.jpg 300w, https:\/\/archive.sana.sy\/tr\/wp-content\/uploads\/2021\/08\/photo_2021-08-21_14-22-07-1024x719.jpg 1024w, https:\/\/archive.sana.sy\/tr\/wp-content\/uploads\/2021\/08\/photo_2021-08-21_14-22-07-150x105.jpg 150w, https:\/\/archive.sana.sy\/tr\/wp-content\/uploads\/2021\/08\/photo_2021-08-21_14-22-07-768x540.jpg 768w, https:\/\/archive.sana.sy\/tr\/wp-content\/uploads\/2021\/08\/photo_2021-08-21_14-22-07-1536x1079.jpg 1536w, https:\/\/archive.sana.sy\/tr\/wp-content\/uploads\/2021\/08\/photo_2021-08-21_14-22-07-2048x1439.jpg 2048w\" sizes=\"auto, (max-width: 2560px) 100vw, 2560px\" \/><\/a>\n\t\t\t<\/div><\/figure><figure class='gallery-item'>\n\t\t\t<div class='gallery-icon landscape'>\n\t\t\t\t<a href='https:\/\/archive.sana.sy\/tr\/wp-content\/uploads\/2021\/08\/photo_2021-08-21_14-22-18-scaled.jpg'><img loading=\"lazy\" decoding=\"async\" width=\"2560\" height=\"1824\" src=\"https:\/\/archive.sana.sy\/tr\/wp-content\/uploads\/2021\/08\/photo_2021-08-21_14-22-18-scaled.jpg\" class=\"attachment-full size-full\" alt=\"\" srcset=\"https:\/\/archive.sana.sy\/tr\/wp-content\/uploads\/2021\/08\/photo_2021-08-21_14-22-18-scaled.jpg 2560w, https:\/\/archive.sana.sy\/tr\/wp-content\/uploads\/2021\/08\/photo_2021-08-21_14-22-18-300x214.jpg 300w, https:\/\/archive.sana.sy\/tr\/wp-content\/uploads\/2021\/08\/photo_2021-08-21_14-22-18-1024x729.jpg 1024w, https:\/\/archive.sana.sy\/tr\/wp-content\/uploads\/2021\/08\/photo_2021-08-21_14-22-18-150x107.jpg 150w, https:\/\/archive.sana.sy\/tr\/wp-content\/uploads\/2021\/08\/photo_2021-08-21_14-22-18-768x547.jpg 768w, https:\/\/archive.sana.sy\/tr\/wp-content\/uploads\/2021\/08\/photo_2021-08-21_14-22-18-1536x1094.jpg 1536w, https:\/\/archive.sana.sy\/tr\/wp-content\/uploads\/2021\/08\/photo_2021-08-21_14-22-18-2048x1459.jpg 2048w\" sizes=\"auto, (max-width: 2560px) 100vw, 2560px\" \/><\/a>\n\t\t\t<\/div><\/figure><figure class='gallery-item'>\n\t\t\t<div class='gallery-icon landscape'>\n\t\t\t\t<a href='https:\/\/archive.sana.sy\/tr\/wp-content\/uploads\/2021\/08\/photo_2021-08-21_14-22-19-scaled.jpg'><img loading=\"lazy\" decoding=\"async\" width=\"2560\" height=\"1734\" src=\"https:\/\/archive.sana.sy\/tr\/wp-content\/uploads\/2021\/08\/photo_2021-08-21_14-22-19-scaled.jpg\" class=\"attachment-full size-full\" alt=\"\" srcset=\"https:\/\/archive.sana.sy\/tr\/wp-content\/uploads\/2021\/08\/photo_2021-08-21_14-22-19-scaled.jpg 2560w, https:\/\/archive.sana.sy\/tr\/wp-content\/uploads\/2021\/08\/photo_2021-08-21_14-22-19-300x203.jpg 300w, https:\/\/archive.sana.sy\/tr\/wp-content\/uploads\/2021\/08\/photo_2021-08-21_14-22-19-1024x694.jpg 1024w, https:\/\/archive.sana.sy\/tr\/wp-content\/uploads\/2021\/08\/photo_2021-08-21_14-22-19-150x102.jpg 150w, https:\/\/archive.sana.sy\/tr\/wp-content\/uploads\/2021\/08\/photo_2021-08-21_14-22-19-768x520.jpg 768w, https:\/\/archive.sana.sy\/tr\/wp-content\/uploads\/2021\/08\/photo_2021-08-21_14-22-19-1536x1040.jpg 1536w, https:\/\/archive.sana.sy\/tr\/wp-content\/uploads\/2021\/08\/photo_2021-08-21_14-22-19-2048x1387.jpg 2048w, https:\/\/archive.sana.sy\/tr\/wp-content\/uploads\/2021\/08\/photo_2021-08-21_14-22-19-110x75.jpg 110w\" sizes=\"auto, (max-width: 2560px) 100vw, 2560px\" \/><\/a>\n\t\t\t<\/div><\/figure><figure class='gallery-item'>\n\t\t\t<div class='gallery-icon landscape'>\n\t\t\t\t<a href='https:\/\/archive.sana.sy\/tr\/wp-content\/uploads\/2021\/08\/photo_2021-08-21_14-22-20-scaled.jpg'><img loading=\"lazy\" decoding=\"async\" width=\"2560\" height=\"1689\" src=\"https:\/\/archive.sana.sy\/tr\/wp-content\/uploads\/2021\/08\/photo_2021-08-21_14-22-20-scaled.jpg\" class=\"attachment-full size-full\" alt=\"\" srcset=\"https:\/\/archive.sana.sy\/tr\/wp-content\/uploads\/2021\/08\/photo_2021-08-21_14-22-20-scaled.jpg 2560w, https:\/\/archive.sana.sy\/tr\/wp-content\/uploads\/2021\/08\/photo_2021-08-21_14-22-20-300x198.jpg 300w, https:\/\/archive.sana.sy\/tr\/wp-content\/uploads\/2021\/08\/photo_2021-08-21_14-22-20-1024x676.jpg 1024w, https:\/\/archive.sana.sy\/tr\/wp-content\/uploads\/2021\/08\/photo_2021-08-21_14-22-20-150x99.jpg 150w, https:\/\/archive.sana.sy\/tr\/wp-content\/uploads\/2021\/08\/photo_2021-08-21_14-22-20-768x507.jpg 768w, https:\/\/archive.sana.sy\/tr\/wp-content\/uploads\/2021\/08\/photo_2021-08-21_14-22-20-1536x1014.jpg 1536w, https:\/\/archive.sana.sy\/tr\/wp-content\/uploads\/2021\/08\/photo_2021-08-21_14-22-20-2048x1351.jpg 2048w, https:\/\/archive.sana.sy\/tr\/wp-content\/uploads\/2021\/08\/photo_2021-08-21_14-22-20-310x205.jpg 310w\" sizes=\"auto, (max-width: 2560px) 100vw, 2560px\" \/><\/a>\n\t\t\t<\/div><\/figure>\n\t\t<\/div>\n\n","protected":false},"excerpt":{"rendered":"<p>LAZK\u0130YE &#8211; Suriye Arap ve Rus Ordusuna ait helikopterlerle i\u015fbirli\u011finde Tar\u0131m M\u00fcd\u00fcrl\u00fc\u011f\u00fc Orman Dairesi, Lazkiye \u0130tfaiyesi ve Sivil Savunma&#8217;ya ba\u011fl\u0131 ortak itfaiye ekipleri, Kardaha k\u0131rsal\u0131ndaki Al Safarkiyye ve Benjaro k\u00f6yleri aras\u0131ndaki tar\u0131m arazilerinde \u00e7\u0131kan yang\u0131n\u0131 s\u00f6nd\u00fcrd\u00fc ve so\u011futma a\u015famas\u0131na girdi. Tar\u0131m M\u00fcd\u00fcrl\u00fc\u011f\u00fc Orman Dairesi Ba\u015fkan\u0131 M\u00fch. Basim Duba SANA muhabirine yapt\u0131\u011f\u0131 a\u00e7\u0131klamada, itfaiye ekiplerinin yang\u0131ndaki &hellip;<\/p>\n","protected":false},"author":1,"featured_media":241588,"comment_status":"closed","ping_status":"closed","sticky":false,"template":"","format":"standard","meta":{"footnotes":""},"categories":[596,479,17988,478],"tags":[],"class_list":["post-241575","post","type-post","status-publish","format-standard","has-post-thumbnail","","category-fotografli-raporlar","category-haberler-yerel","category-son-haberler","category-yerel"],"_links":{"self":[{"href":"https:\/\/archive.sana.sy\/tr\/index.php?rest_route=\/wp\/v2\/posts\/241575","targetHints":{"allow":["GET"]}}],"collection":[{"href":"https:\/\/archive.sana.sy\/tr\/index.php?rest_route=\/wp\/v2\/posts"}],"about":[{"href":"https:\/\/archive.sana.sy\/tr\/index.php?rest_route=\/wp\/v2\/types\/post"}],"author":[{"embeddable":true,"href":"https:\/\/archive.sana.sy\/tr\/index.php?rest_route=\/wp\/v2\/users\/1"}],"replies":[{"embeddable":true,"href":"https:\/\/archive.sana.sy\/tr\/index.php?rest_route=%2Fwp%2Fv2%2Fcomments&post=241575"}],"version-history":[{"count":0,"href":"https:\/\/archive.sana.sy\/tr\/index.php?rest_route=\/wp\/v2\/posts\/241575\/revisions"}],"wp:featuredmedia":[{"embeddable":true,"href":"https:\/\/archive.sana.sy\/tr\/index.php?rest_route=\/wp\/v2\/media\/241588"}],"wp:attachment":[{"href":"https:\/\/archive.sana.sy\/tr\/index.php?rest_route=%2Fwp%2Fv2%2Fmedia&parent=241575"}],"wp:term":[{"taxonomy":"category","embeddable":true,"href":"https:\/\/archive.sana.sy\/tr\/index.php?rest_route=%2Fwp%2Fv2%2Fcategories&post=241575"},{"taxonomy":"post_tag","embeddable":true,"href":"https:\/\/archive.sana.sy\/tr\/index.php?rest_route=%2Fwp%2Fv2%2Ftags&post=241575"}],"curies":[{"name":"wp","href":"https:\/\/api.w.org\/{rel}","templated":true}]}}