{"id":241690,"date":"2021-08-23T16:57:40","date_gmt":"2021-08-23T13:57:40","guid":{"rendered":"http:\/\/107.6.182.27\/tr\/?p=241690"},"modified":"2021-08-24T16:13:29","modified_gmt":"2021-08-24T13:13:29","slug":"teroristler-derada-meyselun-semtindeki-binalari-roketli-fuzelerle-hedef-aliyor","status":"publish","type":"post","link":"https:\/\/archive.sana.sy\/tr\/?p=241690","title":{"rendered":"Ter\u00f6ristler Dera&#8217;da Meyselun Semtindeki Binalar\u0131 Roketli F\u00fczelerle Hedef Al\u0131yor"},"content":{"rendered":"<p style=\"text-align: justify;\">DERA \u2013 SANA&#8217;n\u0131n Dera ili muhabiri, ter\u00f6ristlerin Dera ilindeki Meyselun Semtinde bulunan binalar\u0131 roketli f\u00fczelerle hedef almalar\u0131 sonucunda maddi zararlara sebebiyet verdi\u011fini olayda \u00f6len yada yaralanan kimsenin bulunmad\u0131\u011f\u0131n\u0131 ifade etti.<\/p>\n","protected":false},"excerpt":{"rendered":"<p>DERA \u2013 SANA&#8217;n\u0131n Dera ili muhabiri, ter\u00f6ristlerin Dera ilindeki Meyselun Semtinde bulunan binalar\u0131 roketli f\u00fczelerle hedef almalar\u0131 sonucunda maddi zararlara sebebiyet verdi\u011fini olayda \u00f6len yada yaralanan kimsenin bulunmad\u0131\u011f\u0131n\u0131 ifade etti.<\/p>\n","protected":false},"author":1,"featured_media":241691,"comment_status":"closed","ping_status":"closed","sticky":false,"template":"","format":"standard","meta":{"footnotes":""},"categories":[479,575,17988,478],"tags":[],"class_list":["post-241690","post","type-post","status-publish","format-standard","has-post-thumbnail","","category-haberler-yerel","category-olaylar-ve-gercekler","category-son-haberler","category-yerel"],"_links":{"self":[{"href":"https:\/\/archive.sana.sy\/tr\/index.php?rest_route=\/wp\/v2\/posts\/241690","targetHints":{"allow":["GET"]}}],"collection":[{"href":"https:\/\/archive.sana.sy\/tr\/index.php?rest_route=\/wp\/v2\/posts"}],"about":[{"href":"https:\/\/archive.sana.sy\/tr\/index.php?rest_route=\/wp\/v2\/types\/post"}],"author":[{"embeddable":true,"href":"https:\/\/archive.sana.sy\/tr\/index.php?rest_route=\/wp\/v2\/users\/1"}],"replies":[{"embeddable":true,"href":"https:\/\/archive.sana.sy\/tr\/index.php?rest_route=%2Fwp%2Fv2%2Fcomments&post=241690"}],"version-history":[{"count":0,"href":"https:\/\/archive.sana.sy\/tr\/index.php?rest_route=\/wp\/v2\/posts\/241690\/revisions"}],"wp:featuredmedia":[{"embeddable":true,"href":"https:\/\/archive.sana.sy\/tr\/index.php?rest_route=\/wp\/v2\/media\/241691"}],"wp:attachment":[{"href":"https:\/\/archive.sana.sy\/tr\/index.php?rest_route=%2Fwp%2Fv2%2Fmedia&parent=241690"}],"wp:term":[{"taxonomy":"category","embeddable":true,"href":"https:\/\/archive.sana.sy\/tr\/index.php?rest_route=%2Fwp%2Fv2%2Fcategories&post=241690"},{"taxonomy":"post_tag","embeddable":true,"href":"https:\/\/archive.sana.sy\/tr\/index.php?rest_route=%2Fwp%2Fv2%2Ftags&post=241690"}],"curies":[{"name":"wp","href":"https:\/\/api.w.org\/{rel}","templated":true}]}}