{"id":241693,"date":"2021-08-24T10:33:40","date_gmt":"2021-08-24T07:33:40","guid":{"rendered":"http:\/\/107.6.182.27\/tr\/?p=241693"},"modified":"2021-08-24T20:42:14","modified_gmt":"2021-08-24T17:42:14","slug":"lavrov-ve-safadi-suriyenin-egemenligi-ve-toprak-birligi-ile-krizinin-siyasi-yolla-cozumu-desteklenmeli","status":"publish","type":"post","link":"https:\/\/archive.sana.sy\/tr\/?p=241693","title":{"rendered":"Lavrov Ve Safadi: Suriye&#8217;nin Egemenli\u011fi Ve Toprak Birli\u011fi \u0130le Krizinin Siyasi Yolla \u00c7\u00f6z\u00fcm\u00fc Desteklenmeli"},"content":{"rendered":"<p style=\"text-align: justify;\">MOSKOVA \u2013 Rusya D\u0131\u015fi\u015fleri Bakan\u0131 Sergey Lavrov ve \u00dcrd\u00fcnl\u00fc mevkida\u015f\u0131 Eymen el Safadi, \u00fclkelerinin Suriye&#8217;nin egemenli\u011fi ve toprak birli\u011fini desteklediklerini ve krizinin siyasi yolla \u00e7\u00f6z\u00fcm\u00fc teyit ettiklerini belirtti.<\/p>\n<p style=\"text-align: justify;\">Her iki bakan\u0131n Moskova&#8217;da d\u00fczenledikleri toplant\u0131 ard\u0131ndan Rusya D\u0131\u015fi\u015fleri Bakanl\u0131\u011f\u0131&#8217;n\u0131n yay\u0131nlad\u0131\u011f\u0131 ve Rusya Bug\u00fcn sitesinin getirdi\u011fi beyanda, her iki bakan\u0131n b\u00f6lgesel ve uluslararas\u0131 g\u00fcndemlerdeki g\u00fcncel konular hakk\u0131nda g\u00f6r\u00fc\u015f al\u0131\u015fveri\u015finde bulunduklar\u0131n\u0131, Suriye ve \u00e7evresindeki duruma da \u00f6zel ilgi g\u00f6sterdiklerini belirterek, Moskova ve Amman&#8217;\u0131n Suriye&#8217;nin egemenli\u011fi ve toprak b\u00fct\u00fcnl\u00fc\u011f\u00fcne deste\u011fini teyit ettiler ve Suriye&#8217;deki krizin 2254 say\u0131l\u0131 BM G\u00fcvenlik Konseyi Karar\u0131 temelinde acilen \u00e7\u00f6z\u00fcm\u00fcn\u00fc desteklerini dile getirdiklerini kaydetti.<\/p>\n","protected":false},"excerpt":{"rendered":"<p>MOSKOVA \u2013 Rusya D\u0131\u015fi\u015fleri Bakan\u0131 Sergey Lavrov ve \u00dcrd\u00fcnl\u00fc mevkida\u015f\u0131 Eymen el Safadi, \u00fclkelerinin Suriye&#8217;nin egemenli\u011fi ve toprak birli\u011fini desteklediklerini ve krizinin siyasi yolla \u00e7\u00f6z\u00fcm\u00fc teyit ettiklerini belirtti. Her iki bakan\u0131n Moskova&#8217;da d\u00fczenledikleri toplant\u0131 ard\u0131ndan Rusya D\u0131\u015fi\u015fleri Bakanl\u0131\u011f\u0131&#8217;n\u0131n yay\u0131nlad\u0131\u011f\u0131 ve Rusya Bug\u00fcn sitesinin getirdi\u011fi beyanda, her iki bakan\u0131n b\u00f6lgesel ve uluslararas\u0131 g\u00fcndemlerdeki g\u00fcncel konular hakk\u0131nda &hellip;<\/p>\n","protected":false},"author":1,"featured_media":241694,"comment_status":"closed","ping_status":"closed","sticky":false,"template":"","format":"standard","meta":{"footnotes":""},"categories":[458,459,17988],"tags":[],"class_list":["post-241693","post","type-post","status-publish","format-standard","has-post-thumbnail","","category-dunya1","category-haberler-arap-uluslararasi-politika","category-son-haberler"],"_links":{"self":[{"href":"https:\/\/archive.sana.sy\/tr\/index.php?rest_route=\/wp\/v2\/posts\/241693","targetHints":{"allow":["GET"]}}],"collection":[{"href":"https:\/\/archive.sana.sy\/tr\/index.php?rest_route=\/wp\/v2\/posts"}],"about":[{"href":"https:\/\/archive.sana.sy\/tr\/index.php?rest_route=\/wp\/v2\/types\/post"}],"author":[{"embeddable":true,"href":"https:\/\/archive.sana.sy\/tr\/index.php?rest_route=\/wp\/v2\/users\/1"}],"replies":[{"embeddable":true,"href":"https:\/\/archive.sana.sy\/tr\/index.php?rest_route=%2Fwp%2Fv2%2Fcomments&post=241693"}],"version-history":[{"count":0,"href":"https:\/\/archive.sana.sy\/tr\/index.php?rest_route=\/wp\/v2\/posts\/241693\/revisions"}],"wp:featuredmedia":[{"embeddable":true,"href":"https:\/\/archive.sana.sy\/tr\/index.php?rest_route=\/wp\/v2\/media\/241694"}],"wp:attachment":[{"href":"https:\/\/archive.sana.sy\/tr\/index.php?rest_route=%2Fwp%2Fv2%2Fmedia&parent=241693"}],"wp:term":[{"taxonomy":"category","embeddable":true,"href":"https:\/\/archive.sana.sy\/tr\/index.php?rest_route=%2Fwp%2Fv2%2Fcategories&post=241693"},{"taxonomy":"post_tag","embeddable":true,"href":"https:\/\/archive.sana.sy\/tr\/index.php?rest_route=%2Fwp%2Fv2%2Ftags&post=241693"}],"curies":[{"name":"wp","href":"https:\/\/api.w.org\/{rel}","templated":true}]}}