{"id":241844,"date":"2021-08-25T12:31:07","date_gmt":"2021-08-25T09:31:07","guid":{"rendered":"http:\/\/107.6.182.27\/tr\/?p=241844"},"modified":"2021-08-26T16:01:17","modified_gmt":"2021-08-26T13:01:17","slug":"grosbic-yaptirimlar-ve-ekonomik-abluka-suriyeyi-hedef-alma-planlarini-gerceklestirmeyecek","status":"publish","type":"post","link":"https:\/\/archive.sana.sy\/tr\/?p=241844","title":{"rendered":"Grosbi\u00e7: Yapt\u0131r\u0131mlar ve Ekonomik Abluka Suriye&#8217;yi Hedef Alma Planlar\u0131n\u0131 Ger\u00e7ekle\u015ftirmeyecek"},"content":{"rendered":"<p style=\"text-align: justify;\">PRAG &#8211; Moravya \u00c7ek Kom\u00fcnist Partisi Genel Ba\u015fkan Yard\u0131mc\u0131s\u0131 Dr. Stanislav Grosbi\u00e7, Suriye&#8217;ye y\u00f6nelik devam eden tek tarafl\u0131 bask\u0131c\u0131 Bat\u0131l\u0131 yapt\u0131r\u0131mlar\u0131n dayat\u0131lmas\u0131n\u0131 insanl\u0131k d\u0131\u015f\u0131 olarak nitelendirerek k\u0131nad\u0131\u011f\u0131n\u0131 ve reddetti\u011fini yineledi.<\/p>\n<p style=\"text-align: justify;\">Partinin internet sitesinde bug\u00fcn Facebook&#8217;ta yay\u0131nlanan bir video kasetinde, &#8220;Bu yapt\u0131r\u0131mlar, Suriye&#8217;nin ter\u00f6rle egemenli\u011fine y\u00f6nelik ABD ve T\u00fcrkiye&#8217;nin do\u011frudan sald\u0131rganl\u0131\u011f\u0131na kar\u015f\u0131 ba\u015far\u0131l\u0131 bir \u015fekilde m\u00fccadele etti\u011fi bir zamanda uygulan\u0131yor&#8221; diyerek, yapt\u0131r\u0131mlar\u0131n ve ekonomik ablukan\u0131n Suriye&#8217;yi hedef alma planlar\u0131n\u0131 ger\u00e7ekle\u015ftiremeyece\u011fin\u015f vu\u0131rgulad\u0131.<\/p>\n<p style=\"text-align: justify;\">Grosbi\u00e7, \u0130ngiltere ve Fransa gibi eski s\u00f6m\u00fcrge \u00fclkelerinin, T\u00fcrk rejimi ve ABD ile i\u015fbirli\u011fi i\u00e7inde Suriye&#8217;deki durumun istikrar\u0131n\u0131 engellemeye \u00e7al\u0131\u015ft\u0131klar\u0131na i\u015faret ederek, bunun i\u00e7 i\u015flerine bariz bir m\u00fcdahaleyi ve BM G\u00fcvenlik Konseyi muhtelif kararlar\u0131na ve uluslararas\u0131 me\u015fruiyete y\u00f6nelik a\u00e7\u0131k bir ihlal te\u015fkil etti\u011fini ifade etti.<\/p>\n","protected":false},"excerpt":{"rendered":"<p>PRAG &#8211; Moravya \u00c7ek Kom\u00fcnist Partisi Genel Ba\u015fkan Yard\u0131mc\u0131s\u0131 Dr. Stanislav Grosbi\u00e7, Suriye&#8217;ye y\u00f6nelik devam eden tek tarafl\u0131 bask\u0131c\u0131 Bat\u0131l\u0131 yapt\u0131r\u0131mlar\u0131n dayat\u0131lmas\u0131n\u0131 insanl\u0131k d\u0131\u015f\u0131 olarak nitelendirerek k\u0131nad\u0131\u011f\u0131n\u0131 ve reddetti\u011fini yineledi. Partinin internet sitesinde bug\u00fcn Facebook&#8217;ta yay\u0131nlanan bir video kasetinde, &#8220;Bu yapt\u0131r\u0131mlar, Suriye&#8217;nin ter\u00f6rle egemenli\u011fine y\u00f6nelik ABD ve T\u00fcrkiye&#8217;nin do\u011frudan sald\u0131rganl\u0131\u011f\u0131na kar\u015f\u0131 ba\u015far\u0131l\u0131 bir \u015fekilde m\u00fccadele &hellip;<\/p>\n","protected":false},"author":1,"featured_media":241845,"comment_status":"closed","ping_status":"closed","sticky":false,"template":"","format":"standard","meta":{"footnotes":""},"categories":[458,459,17988],"tags":[],"class_list":["post-241844","post","type-post","status-publish","format-standard","has-post-thumbnail","","category-dunya1","category-haberler-arap-uluslararasi-politika","category-son-haberler"],"_links":{"self":[{"href":"https:\/\/archive.sana.sy\/tr\/index.php?rest_route=\/wp\/v2\/posts\/241844","targetHints":{"allow":["GET"]}}],"collection":[{"href":"https:\/\/archive.sana.sy\/tr\/index.php?rest_route=\/wp\/v2\/posts"}],"about":[{"href":"https:\/\/archive.sana.sy\/tr\/index.php?rest_route=\/wp\/v2\/types\/post"}],"author":[{"embeddable":true,"href":"https:\/\/archive.sana.sy\/tr\/index.php?rest_route=\/wp\/v2\/users\/1"}],"replies":[{"embeddable":true,"href":"https:\/\/archive.sana.sy\/tr\/index.php?rest_route=%2Fwp%2Fv2%2Fcomments&post=241844"}],"version-history":[{"count":0,"href":"https:\/\/archive.sana.sy\/tr\/index.php?rest_route=\/wp\/v2\/posts\/241844\/revisions"}],"wp:featuredmedia":[{"embeddable":true,"href":"https:\/\/archive.sana.sy\/tr\/index.php?rest_route=\/wp\/v2\/media\/241845"}],"wp:attachment":[{"href":"https:\/\/archive.sana.sy\/tr\/index.php?rest_route=%2Fwp%2Fv2%2Fmedia&parent=241844"}],"wp:term":[{"taxonomy":"category","embeddable":true,"href":"https:\/\/archive.sana.sy\/tr\/index.php?rest_route=%2Fwp%2Fv2%2Fcategories&post=241844"},{"taxonomy":"post_tag","embeddable":true,"href":"https:\/\/archive.sana.sy\/tr\/index.php?rest_route=%2Fwp%2Fv2%2Ftags&post=241844"}],"curies":[{"name":"wp","href":"https:\/\/api.w.org\/{rel}","templated":true}]}}