{"id":24219,"date":"2015-02-17T21:00:26","date_gmt":"2015-02-17T19:00:26","guid":{"rendered":"http:\/\/www.sana.sy\/tr\/?p=24219"},"modified":"2015-02-18T17:24:20","modified_gmt":"2015-02-18T15:24:20","slug":"agir-kayiplara-ugratilan-teroristlerin-elebasi-olduruldu","status":"publish","type":"post","link":"https:\/\/archive.sana.sy\/tr\/?p=24219","title":{"rendered":"A\u011f\u0131r Kay\u0131plara U\u011frat\u0131lan Ter\u00f6ristlerin Eleba\u015f\u0131 \u00d6ld\u00fcr\u00fcld\u00fc"},"content":{"rendered":"<p>\u0130LLER \u2013 Vatan koruyucular\u0131 ordu birliklerimiz kimi devletler ve taraflar\u0131n her t\u00fcrl\u00fc deste\u011fi sa\u011flay\u0131p y\u00f6nlendirdikleri \u00e7okuluslu radikal ve hain ter\u00f6r \u00e7etelere kar\u015f\u0131 nitelikli operasyonlar\u0131 ba\u015far\u0131yla s\u00fcrd\u00fcr\u00fcyor.<\/p>\n<p><span style=\"color: #0000ff\">Haseke K\u0131rsal\u0131nda Ter\u00f6ristlerin Toplanma Yerleri Hedef Al\u0131nd\u0131<\/span><\/p>\n<p>Askeri kaynak; ordu birliklerimizin Haseke k\u0131rsal\u0131 Cebel Abd\u00fclaziz B\u00f6lgesinin Mefrak el Siddik K\u00f6y\u00fcnde ter\u00f6ristlerin toplanma yerlerini hedef almalar\u0131yla \u00e7ok say\u0131da ter\u00f6risti \u00f6l\u00fc ve yaral\u0131 d\u00fc\u015f\u00fcrd\u00fcklerini ifade etti.<\/p>\n<p>Kaynak; ordu birliklerimizin Havvuz ve Tel Mecdel k\u00f6ylerinde ter\u00f6ristlere kar\u015f\u0131 devam eden operasyonlar\u0131nda ise silah ve m\u00fchimmatlar\u0131yla a\u011f\u0131r kay\u0131plara u\u011fratt\u0131klar\u0131n\u0131 belirtti.<\/p>\n<p><span style=\"color: #0000ff\">Homs K\u0131rsal\u0131nda Ter\u00f6ristlere Ait Yuva ve K\u00fcmelenme Yerleri Etkisizle\u015ftirildi<\/span><\/p>\n<p>\u00d6te yandan ordu birliklerimiz Homs k\u0131rsal\u0131 Cezl, Mesada, Kuzey M\u015feyrfe ve Rhum b\u00f6lgelerine ilaveten Rhum ile Unk Hava aralar\u0131nda ter\u00f6ristlerin yuva ve k\u00fcmelenme yerlerini hedef almalar\u0131 sonucunda \u00e7ok say\u0131da ter\u00f6risti \u00f6l\u00fc ve yaral\u0131 d\u00fc\u015f\u00fcrd\u00fc.<\/p>\n<p>Askeri kaynak ordu birliklerimizin Homs iline tabi Resten B\u00f6lgesinin bir\u00e7ok m\u0131nt\u0131kas\u0131na ilaveten Um \u015eer\u015fuh B\u00f6lgesinde ter\u00f6ristlerin karargahlar\u0131n\u0131 muhtevalar\u0131yla imha ettiklerini aktard\u0131.<\/p>\n<p>Kaynak operasyonda onlarca ter\u00f6ristin \u00f6l\u00fc yaal\u0131 d\u00fc\u015f\u00fcr\u00fcld\u00fc\u011f\u00fcn\u00fc aktard\u0131.\u200f<\/p>\n<p><span style=\"color: #0000ff\">Tedmur B\u00f6lgesinde Petrol \u00c7alan \u00c7ete Grubunun Tamam\u0131 \u00d6ld\u00fcr\u00fcld\u00fc<\/span><\/p>\n<p>Di\u011fer yandan Homs Valili\u011finde yetkili bir kaynak ordu birliklerimizin Homs k\u0131rsal\u0131n\u0131n do\u011fusu Tedmur (Palmira) B\u00f6lgesinin Dara M\u0131nt\u0131kas\u0131ndan ge\u00e7en petrol borular\u0131ndan petrol \u00e7alan bir ter\u00f6r grubunun t\u00fcm \u00fcyelerini \u00f6ld\u00fcrd\u00fcklerini aktard\u0131.<\/p>\n<p><span style=\"color: #0000ff\">Dera ve K\u0131rsal\u0131nda Onlarca Ter\u00f6rist \u00d6ld\u00fcr\u00fcld\u00fc<\/span><\/p>\n<p>Ordu birliklerimizin Dera k\u0131rsal\u0131n\u0131n Akraba, Kefar Nasic, el Men\u015fiye ve Nazihin Kamp\u0131 b\u00f6lgelerinde ter\u00f6ristlerin toplanma yerleri ve mevkilerini hedef ald\u0131klar\u0131n\u0131 aktaran kaynak; ara\u00e7lar\u0131 ve cephaneleriyle birlikte onlarca ter\u00f6risti etkisizle\u015ftirdiklerini ekledi.<\/p>\n<p>Ordu birliklerimiz Dera k\u0131rsal\u0131n\u0131n Etman \u2013 Dael \u2013 Tafas \u2013 Mzeyrib ekseninde ter\u00f6ristlere ait yuva ve karargahlar\u0131 hedef al\u0131rken silah ve m\u00fchimmatlar\u0131n\u0131 da imha etti.<\/p>\n<p>Bu arada ordu birliklerimiz Lucat B\u00f6lgesine d\u00fc\u015fen el Mtulle\u2019nin do\u011fusuna ilaveten Do\u011fu Kerk Beldesinde I\u015e\u0130D\u2019in h\u00fccre ve mevkilerini hedef almalar\u0131yla silah ve m\u00fchimmatlar\u0131yla birlikte y\u00fcksek say\u0131da ter\u00f6risti \u00f6l\u00fc ve yaral\u0131 d\u00fc\u015f\u00fcrd\u00fc.<\/p>\n<p><span style=\"color: #0000ff\">\u0130dlib K\u0131rsal\u0131nda Ter\u00f6ristlere Kar\u015f\u0131 Askeri Operasyonlar Devam Ediyor<\/span><\/p>\n<p>Askeri kaynak; ordu birliklerimizin \u0130dlib k\u0131rsal\u0131 Hamidiye, Tel Selmo ve Um Crin b\u00f6lgelerine ek olarak Ebu Zuhur\u2019un do\u011fusunda ter\u00f6ristlerin yuva ve k\u00fcmelenme yerlerini hedef almalar\u0131 sonucunda \u00e7ok say\u0131da ter\u00f6risti \u00f6l\u00fc ve yaral\u0131 d\u00fc\u015f\u00fcrd\u00fcklerini s\u00f6yledi.<\/p>\n<p><span style=\"color: #0000ff\">Hama K\u0131rsal\u0131nda Ter\u00f6ristlerin Ara\u00e7lar\u0131 \u0130mha Edildi<\/span><\/p>\n<p>Askeri kaynak; ordu birliklerimizin Hama k\u0131rsal\u0131 At\u015fan ve Latamni b\u00f6lgelerinde tekfirci \u00f6rg\u00fctlere kar\u015f\u0131 nitelikli operasyonlar\u0131nda birka\u00e7 ara\u00e7la birlikte su\u00e7 edatlar\u0131n\u0131 imha edip \u00e7ok say\u0131da ter\u00f6risti \u00f6l\u00fc ve yaral\u0131 d\u00fc\u015f\u00fcrd\u00fcklerini belirtti.<\/p>\n<p><span style=\"color: #0000ff\">Kunaytra K\u0131rsal\u0131nda \u00c7ok Say\u0131da Ter\u00f6rist \u00d6l\u00fc ve Yaral\u0131 D\u00fc\u015f\u00fcr\u00fcld\u00fc<\/span><\/p>\n<p>\u00d6te yandan ordu birliklerimiz Kunaytra k\u0131rsal\u0131n\u0131n Hmeydiye, Um Batina, Meshara ve Rasm el Havalid b\u00f6lgelerinde \u0130srail destekli ter\u00f6ristlerin toplanma yerlerini hedef ald\u0131.<\/p>\n<p>Operasyonlarda ter\u00f6ristlere ait cephane ve m\u00fchimmatlar\u0131n imha edildi\u011fini s\u00f6yleyen kaynak; \u00e7ok say\u0131da ter\u00f6ristin de \u00f6l\u00fc ve yaral\u0131 d\u00fc\u015f\u00fcr\u00fcld\u00fc\u011f\u00fcn\u00fc aktard\u0131.<\/p>\n<p>Ordu birliklerimiz Kunaytra k\u0131rsal\u0131n\u0131n M\u015feyrfe B\u00f6lgesinde Um el Azim Baraj\u0131 yak\u0131nlar\u0131nda \u00e7ok say\u0131da ter\u00f6risti etkisizle\u015ftirdi.\u200f<\/p>\n<p><span style=\"color: #0000ff\">Lazkiye K\u0131rsal\u0131nda Ter\u00f6ristlerin Yuvalar\u0131 Muhtevalar\u0131yla Birlikte \u0130mha Edildi<\/span><\/p>\n<p>Ordu birliklerimiz Lazkiye k\u0131rsal\u0131n\u0131n kuzeyi Han el Cevz, el Vadi, \u015eeyhan Vadisi ve Kiyyale k\u00f6ylerinde T\u00fcrkiye&#8217;deki ihvanc\u0131 rejimin destekledi\u011fi ter\u00f6r \u00f6rg\u00fctlere ait silah ve m\u00fchimmat depolar\u0131n\u0131 tahrip etmesi sonucunda onlarca ter\u00f6risti \u00f6ld\u00fcrd\u00fc.<\/p>\n<p>Askeri kaynak ordu birliklerimizin Lazkiye kentinin kuzeyi Kinsebba K\u00f6y\u00fcnde ise ter\u00f6ristlerin bir\u00e7ok yuvas\u0131n\u0131 muhtevalar\u0131yla birlikte imha etmeleriyle \u00e7ok say\u0131da ter\u00f6risti \u00f6l\u00fc ve yaral\u0131 d\u00fc\u015f\u00fcrd\u00fcklerini ifade etti.<\/p>\n<p>M.M. &#8211; A.A.<\/p>\n","protected":false},"excerpt":{"rendered":"<p>\u0130LLER \u2013 Vatan koruyucular\u0131 ordu birliklerimiz kimi devletler ve taraflar\u0131n her t\u00fcrl\u00fc deste\u011fi sa\u011flay\u0131p y\u00f6nlendirdikleri \u00e7okuluslu radikal ve hain ter\u00f6r \u00e7etelere kar\u015f\u0131 nitelikli operasyonlar\u0131 ba\u015far\u0131yla s\u00fcrd\u00fcr\u00fcyor. Haseke K\u0131rsal\u0131nda Ter\u00f6ristlerin Toplanma Yerleri Hedef Al\u0131nd\u0131 Askeri kaynak; ordu birliklerimizin Haseke k\u0131rsal\u0131 Cebel Abd\u00fclaziz B\u00f6lgesinin Mefrak el Siddik K\u00f6y\u00fcnde ter\u00f6ristlerin toplanma yerlerini hedef almalar\u0131yla \u00e7ok say\u0131da ter\u00f6risti \u00f6l\u00fc &hellip;<\/p>\n","protected":false},"author":1,"featured_media":24223,"comment_status":"closed","ping_status":"closed","sticky":false,"template":"","format":"standard","meta":{"footnotes":""},"categories":[575],"tags":[11589,11590],"class_list":["post-24219","post","type-post","status-publish","format-standard","has-post-thumbnail","","category-olaylar-ve-gercekler","tag-agir-kayiplara-ugratilan-teroristlerin-elebasi-olduruldu","tag-iller-vatan-koruyuculari-ordu-birliklerimiz-kimi-devletler-ve-taraflarin-her-turlu-destegi-saglayip-yonlendirdikleri-cokuluslu-radikal-ve-hain-teror-cetelere-karsi-nitelikli-operasyonlari-ba"],"_links":{"self":[{"href":"https:\/\/archive.sana.sy\/tr\/index.php?rest_route=\/wp\/v2\/posts\/24219","targetHints":{"allow":["GET"]}}],"collection":[{"href":"https:\/\/archive.sana.sy\/tr\/index.php?rest_route=\/wp\/v2\/posts"}],"about":[{"href":"https:\/\/archive.sana.sy\/tr\/index.php?rest_route=\/wp\/v2\/types\/post"}],"author":[{"embeddable":true,"href":"https:\/\/archive.sana.sy\/tr\/index.php?rest_route=\/wp\/v2\/users\/1"}],"replies":[{"embeddable":true,"href":"https:\/\/archive.sana.sy\/tr\/index.php?rest_route=%2Fwp%2Fv2%2Fcomments&post=24219"}],"version-history":[{"count":0,"href":"https:\/\/archive.sana.sy\/tr\/index.php?rest_route=\/wp\/v2\/posts\/24219\/revisions"}],"wp:featuredmedia":[{"embeddable":true,"href":"https:\/\/archive.sana.sy\/tr\/index.php?rest_route=\/wp\/v2\/media\/24223"}],"wp:attachment":[{"href":"https:\/\/archive.sana.sy\/tr\/index.php?rest_route=%2Fwp%2Fv2%2Fmedia&parent=24219"}],"wp:term":[{"taxonomy":"category","embeddable":true,"href":"https:\/\/archive.sana.sy\/tr\/index.php?rest_route=%2Fwp%2Fv2%2Fcategories&post=24219"},{"taxonomy":"post_tag","embeddable":true,"href":"https:\/\/archive.sana.sy\/tr\/index.php?rest_route=%2Fwp%2Fv2%2Ftags&post=24219"}],"curies":[{"name":"wp","href":"https:\/\/api.w.org\/{rel}","templated":true}]}}